{"id":288193,"date":"2025-08-01T04:18:10","date_gmt":"2025-08-01T04:18:10","guid":{"rendered":"https:\/\/www.europesays.com\/fr\/288193\/"},"modified":"2025-08-01T04:18:10","modified_gmt":"2025-08-01T04:18:10","slug":"trump-signe-le-decret-augmentant-les-droits-de-douane-pour-des-dizaines-de-pays","status":"publish","type":"post","link":"https:\/\/www.europesays.com\/fr\/288193\/","title":{"rendered":"Trump signe le d\u00e9cret augmentant les droits de douane pour des dizaines de pays"},"content":{"rendered":"<p>Ces nouvelles taxes s\u2019\u00e9chelonnent de 10% \u00e0 41%. L\u2019Union europ\u00e9enne, le Japon ou la Cor\u00e9e du Sud se voient appliquer une augmentation de 15%. Leur entr\u00e9e en vigueur serait toutefois report\u00e9e au 7 ao\u00fbt, afin de permettre aux douanes de s\u2019organiser.<\/p>\n<p class=\"fig-paragraph\">Le pr\u00e9sident am\u00e9ricain\u00a0<a href=\"http:\/\/www.lefigaro.fr\/conjoncture\/comment-donald-trump-impose-son-nouvel-ordre-au-commerce-mondial-20250730\" target=\"_blank\" data-fig-type=\"Article\" rel=\"noopener nofollow\" data-gtm-custom-categorie=\"navigation\" data-gtm-custom-action=\"crossclick\" data-gtm-custom-label=\"Contextuel\" data-gtm-event=\"customEventSPE\" data-fig-domain=\"LEFIGARO\">Donald Trump<\/a>\u00a0a sign\u00e9 jeudi 31 juillet au soir un d\u00e9cret imposant\u00a0<a href=\"http:\/\/www.lefigaro.fr\/conjoncture\/droits-de-douane-les-etats-unis-ont-recolte-87-milliards-de-dollars-en-six-mois-davantage-que-sur-toute-l-annee-2024-20250731\" target=\"_blank\" data-fig-type=\"NewsFlash\" rel=\"noopener nofollow\" data-gtm-custom-categorie=\"navigation\" data-gtm-custom-action=\"crossclick\" data-gtm-custom-label=\"Contextuel\" data-gtm-event=\"customEventSPE\" data-fig-domain=\"LEFIGARO\">une hausse des droits de douane<\/a>\u00a0<a href=\"http:\/\/www.lefigaro.fr\/conjoncture\/mexique-coree-du-sud-ultimes-negociations-avant-l-entree-en-vigueur-des-droits-de-douane-americains-20250731\" target=\"_blank\" data-fig-type=\"Article\" rel=\"noopener nofollow\" data-gtm-custom-categorie=\"navigation\" data-gtm-custom-action=\"crossclick\" data-gtm-custom-label=\"Contextuel\" data-gtm-event=\"customEventSPE\" data-fig-domain=\"LEFIGARO\">pour des dizaines de pays dans le monde<\/a>, avec qui les \u00c9tats-Unis estiment avoir un d\u00e9ficit commercial plus ou moins marqu\u00e9. Leur entr\u00e9e en vigueur, initialement annonc\u00e9e pour le 1er ao\u00fbt, serait toutefois report\u00e9e au 7 ao\u00fbt, selon un haut responsable. Un d\u00e9lai cens\u00e9 permettre aux douanes de s\u2019organiser.<\/p>\n<p class=\"fig-paragraph\">Tous les pays n\u2019ayant pas r\u00e9ussi \u00e0 se mettre d\u2019accord avec Washington voient les droits de douane appliqu\u00e9s \u00e0 leurs produits s\u2019\u00e9chelonner entre 10% et 41%, pour la Syrie. D\u2019une mani\u00e8re g\u00e9n\u00e9rale, la plupart des pays cit\u00e9s se voient imposer 15% de droits de douane, quelques \u00c9tats se retrouvant \u00e0 un taux plus \u00e9lev\u00e9, \u00e0 l\u2019image de l\u2019Afrique du Sud, \u00e0 30%, la Serbie, \u00e0 35%, ou la Suisse, \u00e0 39%. Ces surtaxes suscitent une inqui\u00e9tude globale des entreprises exportant vers les \u00c9tats-Unis. \u00abOn ne sait pas quelle sera la gravit\u00e9 de l\u2019impact mais il ne sera pas positif, c\u2019est s\u00fbr\u00bb, anticipe ainsi Laubscher Coetzee, un \u00e9leveur sud-africain d\u2019autruches dont le cuir sert \u00e0 fabriquer les santiags des plus prestigieuses marques du Texas.<\/p>\n<p>                                    <a class=\"fig-a11y-skip a11y-hidden\" href=\"#fig-a11y-skip-main-inarticle\"><br \/>\n        Passer la publicit\u00e9<br \/>\n    <\/a><\/p>\n<p class=\"fig-paragraph\">Un pays, au moins, \u00e9chappe \u00e0 une hausse douani\u00e8re du 7 ao\u00fbt: Donald Trump a annonc\u00e9 jeudi avoir prolong\u00e9 de 90 jours les droits de douane actuellement impos\u00e9s au Mexique, ce qui revient \u00e0 les maintenir \u00e0 25% sur les produits entrant aux \u00c9tats-Unis en dehors de l\u2019accord de libre-\u00e9change nord-am\u00e9ricain (ACEUM).<\/p>\n<p>+35% pour le Canada<\/p>\n<p class=\"fig-paragraph\">En revanche, pas de d\u00e9tente en vue avec le Canada, qui voit au contraire les droits de douane appliqu\u00e9s \u00e0 ses produits passer de 25% \u00e0 35%, une taxe qui ne concerne, l\u00e0 aussi, que les produits ne transitant pas dans le cadre de l\u2019ACEUM. \u00abLe Canada n\u2019a pas \u00e9t\u00e9 en mesure de coop\u00e9rer afin de r\u00e9duire le flot de fentanyl et autres drogues\u00bb, entrant aux \u00c9tats-Unis, a regrett\u00e9 la Maison Blanche dans un document, pour justifier cette d\u00e9cision, \u00abet il a pris des mesures de repr\u00e9sailles contre les \u00c9tats-Unis\u00bb.<\/p>\n<p class=\"fig-paragraph\">L\u2019administration Trump se montre particuli\u00e8rement ferme avec certains pays. Donald Trump a ainsi sign\u00e9 mercredi un d\u00e9cret imposant 50% de surtaxe douani\u00e8re au Br\u00e9sil, \u00e0 l\u2019exception de certains produits. Cette surtaxe fait office de repr\u00e9sailles contre les poursuites visant l\u2019ex-pr\u00e9sident Jair Bolsonaro, son alli\u00e9 d\u2019extr\u00eame droite, accus\u00e9 d\u2019avoir tent\u00e9 un coup d\u2019Etat apr\u00e8s sa d\u00e9faite lors de l\u2019\u00e9lection de 2022.<\/p>\n<p>\u00abUn accaparement de pouvoir sans pr\u00e9c\u00e9dent\u00bb<\/p>\n<p class=\"fig-paragraph\">L\u2019Inde voit-elle ses produits \u00eatre tax\u00e9s \u00e0 25%, auxquels s\u2019ajoutera une \u00abp\u00e9nalit\u00e9\u00bb, car le pays ach\u00e8te du p\u00e9trole russe.<\/p>\n<p class=\"fig-paragraph\">Le pr\u00e9sident Trump a vant\u00e9 les m\u00e9rites des accords d\u00e9j\u00e0 conclus, qui gonflent les recettes publiques d\u2019une \u00e9conomie largement endett\u00e9e. L\u2019impact des droits de douane continue cependant d\u2019inqui\u00e9ter les \u00e9conomistes, qui les voient peser sur l\u2019inflation, en hausse en juin \u00e0 2,6%, et sur la croissance am\u00e9ricaine. Le groupe Apple a rapport\u00e9 jeudi que les droits de douane entra\u00eeneront pour lui un surco\u00fbt de 1,1 milliard d\u2019euros sur le trimestre en cours.<\/p>\n<p>                                    <a class=\"fig-a11y-skip a11y-hidden\" href=\"#fig-a11y-skip-main-inarticle_mtf\"><br \/>\n        Passer la publicit\u00e9<br \/>\n    <\/a><\/p>\n<p class=\"fig-paragraph\">Co\u00efncidence du calendrier, une Cour d\u2019appel f\u00e9d\u00e9rale a commenc\u00e9 jeudi \u00e0 Washington \u00e0 examiner un appel devant d\u00e9terminer si Donald Trump a outrepass\u00e9 ses pouvoirs constitutionnels en imposant ces surtaxes sans l\u2019approbation du Congr\u00e8s. Cela concerne les droits de douane quasiment universels, c\u2019est-\u00e0-dire ceux qui ne sont pas impos\u00e9s \u00e0 un secteur particulier comme l\u2019automobile ou l\u2019acier. L\u2019avocat des plaignants, des petites entreprises ainsi qu\u2019une dizaine d\u2019Etats am\u00e9ricains, a notamment d\u00e9nonc\u00e9 \u00abun accaparement de pouvoir sans pr\u00e9c\u00e9dent de la part d\u2019un pr\u00e9sident en 200 ans\u00bb, tandis que la plupart des juges de la cour d\u2019appel ont laiss\u00e9 entrevoir leur scepticisme face aux arguments du gouvernement. La Maison Blanche a d\u00e9j\u00e0 promis de saisir la Cour supr\u00eame si la d\u00e9cision lui \u00e9tait d\u00e9favorable.<\/p>\n","protected":false},"excerpt":{"rendered":"Ces nouvelles taxes s\u2019\u00e9chelonnent de 10% \u00e0 41%. L\u2019Union europ\u00e9enne, le Japon ou la Cor\u00e9e du Sud se&hellip;\n","protected":false},"author":2,"featured_media":288194,"comment_status":"","ping_status":"","sticky":false,"template":"","format":"standard","meta":{"footnotes":""},"categories":[2],"tags":[11,75,73,1011,27,12,25],"class_list":{"0":"post-288193","1":"post","2":"type-post","3":"status-publish","4":"format-standard","5":"has-post-thumbnail","7":"category-actualites","8":"tag-actualites","9":"tag-donald-trump","10":"tag-etats-unis","11":"tag-fr","12":"tag-france","13":"tag-news","14":"tag-republique-francaise"},"share_on_mastodon":{"url":"https:\/\/pubeurope.com\/@fr\/114951586167757201","error":""},"_links":{"self":[{"href":"https:\/\/www.europesays.com\/fr\/wp-json\/wp\/v2\/posts\/288193","targetHints":{"allow":["GET"]}}],"collection":[{"href":"https:\/\/www.europesays.com\/fr\/wp-json\/wp\/v2\/posts"}],"about":[{"href":"https:\/\/www.europesays.com\/fr\/wp-json\/wp\/v2\/types\/post"}],"author":[{"embeddable":true,"href":"https:\/\/www.europesays.com\/fr\/wp-json\/wp\/v2\/users\/2"}],"replies":[{"embeddable":true,"href":"https:\/\/www.europesays.com\/fr\/wp-json\/wp\/v2\/comments?post=288193"}],"version-history":[{"count":0,"href":"https:\/\/www.europesays.com\/fr\/wp-json\/wp\/v2\/posts\/288193\/revisions"}],"wp:featuredmedia":[{"embeddable":true,"href":"https:\/\/www.europesays.com\/fr\/wp-json\/wp\/v2\/media\/288194"}],"wp:attachment":[{"href":"https:\/\/www.europesays.com\/fr\/wp-json\/wp\/v2\/media?parent=288193"}],"wp:term":[{"taxonomy":"category","embeddable":true,"href":"https:\/\/www.europesays.com\/fr\/wp-json\/wp\/v2\/categories?post=288193"},{"taxonomy":"post_tag","embeddable":true,"href":"https:\/\/www.europesays.com\/fr\/wp-json\/wp\/v2\/tags?post=288193"}],"curies":[{"name":"wp","href":"https:\/\/api.w.org\/{rel}","templated":true}]}}