{"id":288197,"date":"2025-08-01T04:20:25","date_gmt":"2025-08-01T04:20:25","guid":{"rendered":"https:\/\/www.europesays.com\/fr\/288197\/"},"modified":"2025-08-01T04:20:25","modified_gmt":"2025-08-01T04:20:25","slug":"tour-de-france-femmes-le-parcours-et-le-profil-de-letape-7-entre-bourg-en-bresse-et-chambery","status":"publish","type":"post","link":"https:\/\/www.europesays.com\/fr\/288197\/","title":{"rendered":"Tour de France femmes\u00a0: le parcours et le profil de l\u2019\u00e9tape 7 entre Bourg-en-Bresse et Chamb\u00e9ry"},"content":{"rendered":"<p class=\"paragraph text_align_left lp-f-body-02\">Apr\u00e8s l\u2019\u00e9tape dans le Puy-de-D\u00f4me la veille, le peloton n\u2019aura pas droit \u00e0 une vraie journ\u00e9e de r\u00e9pit. Entre Bourg-en-Bresse et Chamb\u00e9ry, la 7e \u00e9tape de ce <a href=\"https:\/\/www.leparisien.fr\/sports\/cyclisme\/tour-de-france-feminin\/\" target=\"_self\" rel=\"noopener\">Tour de France femmes<\/a> s\u2019annonce comme l\u2019une des plus longues de cette \u00e9dition, et loin d\u2019\u00eatre la plus paisible. Sur les 100 premiers kilom\u00e8tres, le parcours s\u2019annonce tranquille. Une portion de vall\u00e9e plate, roulante, presque trompeuse. Car la seconde moiti\u00e9 change radicalement de ton.<\/p>\n<p class=\"paragraph text_align_left lp-f-body-02\">Le premier mur de cette \u00e9tape sera la c\u00f4te de Saint-Franc (6,9 %), suivi de la c\u00f4te de Berland plus raide encore (7,2 %). <\/p>\n<p><img decoding=\"async\" class=\"image \" loading=\"lazy\" src=\"https:\/\/www.europesays.com\/fr\/wp-content\/uploads\/2025\/08\/TSNAA46EXFCTNAYRVRS7GVPJEA.jpg\" alt=\"\" align=\"\" data-rubrique-principale=\"\" data-article-type=\"\" fetchpriority=\"auto\"\/><\/p>\n<p class=\"paragraph text_align_left lp-f-body-02\">Puis place \u00e0 l\u2019obstacle du jour : le col du Granier, 8,9 km \u00e0 5,4 %. Une mont\u00e9e exigeante et usante, surtout apr\u00e8s plus de 130 km d\u00e9j\u00e0 dans les jambes. Ce final escarp\u00e9 pourrait cr\u00e9er les premiers \u00e9carts au classement g\u00e9n\u00e9ral.<\/p>\n","protected":false},"excerpt":{"rendered":"Apr\u00e8s l\u2019\u00e9tape dans le Puy-de-D\u00f4me la veille, le peloton n\u2019aura pas droit \u00e0 une vraie journ\u00e9e de r\u00e9pit.&hellip;\n","protected":false},"author":2,"featured_media":288198,"comment_status":"","ping_status":"","sticky":false,"template":"","format":"standard","meta":{"footnotes":""},"categories":[4],"tags":[11,207,459,1011,27,12,25,60,26588],"class_list":{"0":"post-288197","1":"post","2":"type-post","3":"status-publish","4":"format-standard","5":"has-post-thumbnail","7":"category-france","8":"tag-actualites","9":"tag-cyclisme","10":"tag-departements-horsidfo","11":"tag-fr","12":"tag-france","13":"tag-news","14":"tag-republique-francaise","15":"tag-sports","16":"tag-tour-de-france-feminin"},"share_on_mastodon":{"url":"https:\/\/pubeurope.com\/@fr\/114951593844491964","error":""},"_links":{"self":[{"href":"https:\/\/www.europesays.com\/fr\/wp-json\/wp\/v2\/posts\/288197","targetHints":{"allow":["GET"]}}],"collection":[{"href":"https:\/\/www.europesays.com\/fr\/wp-json\/wp\/v2\/posts"}],"about":[{"href":"https:\/\/www.europesays.com\/fr\/wp-json\/wp\/v2\/types\/post"}],"author":[{"embeddable":true,"href":"https:\/\/www.europesays.com\/fr\/wp-json\/wp\/v2\/users\/2"}],"replies":[{"embeddable":true,"href":"https:\/\/www.europesays.com\/fr\/wp-json\/wp\/v2\/comments?post=288197"}],"version-history":[{"count":0,"href":"https:\/\/www.europesays.com\/fr\/wp-json\/wp\/v2\/posts\/288197\/revisions"}],"wp:featuredmedia":[{"embeddable":true,"href":"https:\/\/www.europesays.com\/fr\/wp-json\/wp\/v2\/media\/288198"}],"wp:attachment":[{"href":"https:\/\/www.europesays.com\/fr\/wp-json\/wp\/v2\/media?parent=288197"}],"wp:term":[{"taxonomy":"category","embeddable":true,"href":"https:\/\/www.europesays.com\/fr\/wp-json\/wp\/v2\/categories?post=288197"},{"taxonomy":"post_tag","embeddable":true,"href":"https:\/\/www.europesays.com\/fr\/wp-json\/wp\/v2\/tags?post=288197"}],"curies":[{"name":"wp","href":"https:\/\/api.w.org\/{rel}","templated":true}]}}