{"id":288203,"date":"2025-08-01T04:26:14","date_gmt":"2025-08-01T04:26:14","guid":{"rendered":"https:\/\/www.europesays.com\/fr\/288203\/"},"modified":"2025-08-01T04:26:14","modified_gmt":"2025-08-01T04:26:14","slug":"en-2027-les-motogp-moto2-et-moto3-feront-le-plein-de-carbone-14","status":"publish","type":"post","link":"https:\/\/www.europesays.com\/fr\/288203\/","title":{"rendered":"En 2027, les MotoGP, Moto2 et Moto3 feront le plein de carbone 14"},"content":{"rendered":"<p>Il faut devenir raisonnable. Et arr\u00eater d&rsquo;extraire du p\u00e9trole de notre bonne vieille Terre ? C&rsquo;est sur cette trajectoire que la F\u00e9d\u00e9ration Internationale de Motocyclisme souhaite inscrire ses Grand Prix moto, annon\u00e7ant hier que \u00ab\u00a0le MotoGP passerait \u00e0 un carburant 100% non fossile et a d\u00e9termin\u00e9 la mani\u00e8re dont celui-ci serait \u00e9valu\u00e9\u00a0\u00bb.<\/p>\n<p>C&rsquo;est \u00e0 partir de la saison 2027, soit celle o\u00f9 le MotoGP (la cat\u00e9gorie ici, pas le championnat tout entier) appliquera son nouveau r\u00e8glement qui vise \u00e0 gagner \u00ab\u00a0en s\u00e9curit\u00e9, en durabilit\u00e9 ainsi qu&rsquo;en spectacle\u00a0\u00bb, que cette \u00ab\u00a0transition \u00e9nerg\u00e9tique\u00a0\u00bb interviendra, respectant ainsi \u2026<\/p>\n<p>Actuellement \u00e9tabli \u00e0 40%, le pourcentage d&rsquo;origine non fossile de la future essence des trois cat\u00e9gories de Grand Prix (Moto3, Moto2 et MotoGP) devra grimper \u00e0 100% d&rsquo;ici moins de deux ans, lorsque la cat\u00e9gorie reine troquera ses pneus Michelin contre des Pirelli eux-m\u00eames mieux recycl\u00e9s ( ?). Mais comment ne plus recourir au raffinage du p\u00e9trole brut ?<\/p>\n<p>Deux solutions sont \u00e9voqu\u00e9es par la Commission Grand Prix de la f\u00e9d\u00e9ration internationale : \u00ab\u00a0soit des \u00ab\u00a0biocarburants\u00a0\u00bb, c&rsquo;est-\u00e0-dire des carburants obtenus \u00e0 partir de bio-sources\u00a0\u00bb et sur lesquels travaille d&rsquo;arrache-herbes Repsol par exemple (mais pas par hasard puisqu&rsquo;il s&rsquo;agit de l&rsquo;ancien sponsor titre du HRC ), \u00ab\u00a0soit des \u00ab\u00a0e-carburants\u00a0\u00bb obtenus par captage direct du CO2 dans l&rsquo;atmosph\u00e8re\u00a0\u00bb\u2026<\/p>\n<p align=\"Center\"><img decoding=\"async\" src=\"https:\/\/www.europesays.com\/fr\/wp-content\/uploads\/2025\/08\/motogp-2027-essence-carbone-non-fossile-c14.jpg\" alt=\"En 2027, les MotoGP, Moto2 et Moto3 feront le plein de carbone 14\" title=\"En 2027, les MotoGP, Moto2 et Moto3 feront le plein de carbone 14\"\/><\/p>\n<p>Attention, \u00ab\u00a0la combustion de carburants non fossiles lib\u00e8re la m\u00eame quantit\u00e9 de carbone que celle qui a \u00e9t\u00e9 capt\u00e9e auparavant\u00a0\u00bb, avertit la FIM, mais au moins \u00ab\u00a0ce\u00a0\u00bb carbone serait moins d\u00e9vastateur pour l&rsquo;environnement. Comment distinguer le bon du mauvais carbone\u00a0? L\u00e0 encore, les GO \u00ab\u00a0trouve-tout\u00a0\u00bb des GP ont la r\u00e9ponse\u00a0: le test C14\u00a0!<\/p>\n<p>Il y a le bon et le mauvais carbone\u2026<\/p>\n<p>Ce myst\u00e9rieux test revient \u00e0 mesurer la proportion de Carbone 14 (vous savez, l&rsquo;isotope du carbone \u00e0 courte dur\u00e9e de vie qui sert \u00e0 dater les fossiles ou objets de moins de 50 000 ans, ambiance \u00ab\u00a0Indiana Jones\u00a0\u00bb plut\u00f4t que \u00ab\u00a0Jurassic Park\u00a0\u00bb donc) par rapport au carbone \u00ab\u00a0total\u00a0\u00bb et de comparer ce taux \u00e0 ceux standards trouv\u00e9s dans l&rsquo;atmosph\u00e8re de nos jours.<\/p>\n<p>\u00ab\u00a0Pour ce qui est des carburants MotoGP 2027, ces chiffres devraient \u00eatre identiques moins une tol\u00e9rance, ce qui signifie que la teneur en C14 de l&rsquo;\u00e9chantillon de carburant devrait \u00eatre la m\u00eame que celle de l&rsquo;atmosph\u00e8re, excluant ainsi la possibilit\u00e9 que le carburant soit d&rsquo;origine fossile\u00a0\u00bb, d\u00e9taille la f\u00e9d\u00e9ration. CQFD\u00a0!<\/p>\n<p>Moto-Net.Com observe que la Formule1 s&rsquo;appr\u00eate \u00e0 faire l&rsquo;int\u00e9rieur au MotoGP puisque la FIA planche actuellement sur un \u00ab\u00a0biocarburant de deuxi\u00e8me g\u00e9n\u00e9ration, c&rsquo;est-\u00e0-dire exclusivement raffin\u00e9 \u00e0 partir de d\u00e9chets organiques\u00a0\u00bb et souhaite \u00ab\u00a0rendre obligatoire l&rsquo;utilisation de carburants 100% renouvelables en F1\u00a0\u00bb \u00e0 l&rsquo;occasion de l&rsquo;introduction de nouveaux moteurs en 2026\u2026<\/p>\n<p>Probl\u00e8me\u00a0: le co\u00fbt de ce carbone \u00ab\u00a0propre\u00a0\u00bb\u00a0! Selon nos confr\u00e8res du site The Race &#8211; dont l&rsquo;article \u00e0 ce sujet a myst\u00e9rieusement disparu\u2026 &#8211; \u00ab\u00a0alors qu\u2019en 2025, un litre de carburant co\u00fbte entre 22 et 33 dollars, celui de 2026 est \u00e9valu\u00e9 entre 170 et 225 dollars. Pire, certaines estimations \u00e9voquent un pic possible \u00e0 300 dollars le litre, soit dix fois le tarif actuel\u00a0\u00bb. Allons, allons, il faudrait rester raisonnable&#8230;<\/p>\n","protected":false},"excerpt":{"rendered":"Il faut devenir raisonnable. Et arr\u00eater d&rsquo;extraire du p\u00e9trole de notre bonne vieille Terre ? C&rsquo;est sur cette&hellip;\n","protected":false},"author":2,"featured_media":288204,"comment_status":"","ping_status":"","sticky":false,"template":"","format":"standard","meta":{"footnotes":""},"categories":[1413],"tags":[1011,27,1457,1456,60],"class_list":{"0":"post-288203","1":"post","2":"type-post","3":"status-publish","4":"format-standard","5":"has-post-thumbnail","7":"category-moto","8":"tag-fr","9":"tag-france","10":"tag-moto","11":"tag-motocycle","12":"tag-sports"},"share_on_mastodon":{"url":"https:\/\/pubeurope.com\/@fr\/114951617581810254","error":""},"_links":{"self":[{"href":"https:\/\/www.europesays.com\/fr\/wp-json\/wp\/v2\/posts\/288203","targetHints":{"allow":["GET"]}}],"collection":[{"href":"https:\/\/www.europesays.com\/fr\/wp-json\/wp\/v2\/posts"}],"about":[{"href":"https:\/\/www.europesays.com\/fr\/wp-json\/wp\/v2\/types\/post"}],"author":[{"embeddable":true,"href":"https:\/\/www.europesays.com\/fr\/wp-json\/wp\/v2\/users\/2"}],"replies":[{"embeddable":true,"href":"https:\/\/www.europesays.com\/fr\/wp-json\/wp\/v2\/comments?post=288203"}],"version-history":[{"count":0,"href":"https:\/\/www.europesays.com\/fr\/wp-json\/wp\/v2\/posts\/288203\/revisions"}],"wp:featuredmedia":[{"embeddable":true,"href":"https:\/\/www.europesays.com\/fr\/wp-json\/wp\/v2\/media\/288204"}],"wp:attachment":[{"href":"https:\/\/www.europesays.com\/fr\/wp-json\/wp\/v2\/media?parent=288203"}],"wp:term":[{"taxonomy":"category","embeddable":true,"href":"https:\/\/www.europesays.com\/fr\/wp-json\/wp\/v2\/categories?post=288203"},{"taxonomy":"post_tag","embeddable":true,"href":"https:\/\/www.europesays.com\/fr\/wp-json\/wp\/v2\/tags?post=288203"}],"curies":[{"name":"wp","href":"https:\/\/api.w.org\/{rel}","templated":true}]}}