{"id":288211,"date":"2025-08-01T04:30:11","date_gmt":"2025-08-01T04:30:11","guid":{"rendered":"https:\/\/www.europesays.com\/fr\/288211\/"},"modified":"2025-08-01T04:30:11","modified_gmt":"2025-08-01T04:30:11","slug":"je-bois-sa-reponse-cash-sur-son-secret-pour-rester-au-top","status":"publish","type":"post","link":"https:\/\/www.europesays.com\/fr\/288211\/","title":{"rendered":"\u00ab\u00a0Je bois&#8230;\u00a0\u00bb sa r\u00e9ponse cash sur son secret pour rester au top"},"content":{"rendered":"<p><strong>Victoria Silvstedt<\/strong> n\u2019a rien perdu de son aura.<br \/>\nL\u2019ancienne complice de <strong>Christophe Dechavanne<\/strong> dans<br \/>\nLa Roue de la fortune a marqu\u00e9 toute une g\u00e9n\u00e9ration gr\u00e2ce<br \/>\n\u00e0 son charisme solaire. Mannequin, actrice, animatrice et<br \/>\nchanteuse, la Su\u00e9doise a impos\u00e9 sa pr\u00e9sence d\u00e8s son arriv\u00e9e en 2006<br \/>\nsur TF1, devenant une ic\u00f4ne du programme jusqu\u2019\u00e0 son arr\u00eat il y a<br \/>\nquatorze ans. Apr\u00e8s quelques apparitions t\u00e9l\u00e9vis\u00e9es plus<br \/>\nponctuelles, elle s\u2019est \u00e9loign\u00e9e des plateaux sans pour autant \u00eatre<br \/>\noubli\u00e9e. Ce mercredi 30 juillet 2025, le public l\u2019a retrouv\u00e9e lors<br \/>\nd\u2019un num\u00e9ro \u00e9v\u00e9nement de La Roue de la fortune, d\u00e9sormais<br \/>\norchestr\u00e9 par <strong>\u00c9ric Antoine<\/strong>. Pour cette soir\u00e9e<br \/>\nsp\u00e9ciale c\u00e9l\u00e9brit\u00e9s, le retour de Victoria a cr\u00e9\u00e9 la surprise et<br \/>\nravi les t\u00e9l\u00e9spectateurs.<\/p>\n<p>Victoria Silvstedt : son retour enflamme les internautes<\/p>\n<p>Les r\u00e9seaux sociaux ont rapidement vibr\u00e9 sous les nombreux<br \/>\ncompliments adress\u00e9s \u00e0 Victoria Silvstedt lors de son retour sur<br \/>\nLa Roue de la fortune. Sur X, les internautes ont rivalis\u00e9<br \/>\nd\u2019humour et d\u2019admiration, notant avec amusement qu\u2019<strong>elle<br \/>\nsemblait fig\u00e9e dans le temps<\/strong>, comme dans Hibernatus. L\u2019une<br \/>\ndes r\u00e9actions les plus populaires disait : \u00ab On aimerait<br \/>\nconna\u00eetre ses secrets de conservation \u00bb. Ces \u00e9changes<br \/>\nenthousiastes confirment que la mannequin conserve une place<br \/>\nsp\u00e9ciale dans le c\u0153ur du public.<\/p>\n<p>Avant de prendre les commandes du jeu pour cette soir\u00e9e<br \/>\nexceptionnelle, la p\u00e9tillante blonde a affich\u00e9 sa joie avec un \u00ab<br \/>\nQu\u2019est-ce que je suis contente ! \u00bb. Eric Antoine n\u2019a pas<br \/>\ncach\u00e9 son admiration : \u00ab <strong>Elle a marqu\u00e9 l\u2019histoire de La<br \/>\nRoue de la fortune<\/strong>, elle a retourn\u00e9 plus de voyelles que<br \/>\nles dictionnaires du monde entier, elle est de retour ce soir rien<br \/>\nque pour vous, Victoria ! \u00bb. Fid\u00e8le \u00e0 sa promesse, il a offert<br \/>\naux t\u00e9l\u00e9spectateurs un moment riche en surprises et en \u00e9motion.<\/p>\n<p>Une ic\u00f4ne r\u00e9invent\u00e9e<\/p>\n<p>Longtemps figure centrale du c\u00e9l\u00e8bre jeu t\u00e9l\u00e9vis\u00e9, Victoria<br \/>\nSilvstedt a su laisser une empreinte forte entre 2006 et 2011.<br \/>\nApr\u00e8s plusieurs ann\u00e9es d\u2019absence sur le petit \u00e9cran, elle a tent\u00e9<br \/>\nun retour sous les projecteurs <a href=\"https:\/\/www.melty.fr\/tele\/eurovision-2025-quel-pays-a-remporte-le-concours-2235731.html\" target=\"_blank\" rel=\"noopener\"><br \/>\nlors de l\u2019Eurovision 2025<\/a>. Repr\u00e9sentant la Su\u00e8de, <strong>elle<br \/>\nn\u2019a toutefois pas franchi les portes de la finale<\/strong>,<br \/>\nterminant derni\u00e8re de sa demi-finale au Husqvarna Garden de<br \/>\nJ\u00f6nk\u00f6ping. Ce revers n\u2019a en rien terni son image aupr\u00e8s du public<br \/>\nqui s\u2019interrogeait sur une \u00e9ventuelle r\u00e9apparition dans La Roue de<br \/>\nla fortune.<\/p>\n<p>Interrog\u00e9 \u00e0 ce sujet en janvier dans T\u00e9l\u00e9 Magazine,<br \/>\nEric Antoine avait lev\u00e9 tout suspense. Pour lui, le retour de<br \/>\nl\u00a0\u00bbex-compagne de <strong>Chris Wragge<\/strong> dans son ancien r\u00f4le<br \/>\nne correspondait plus \u00e0 la vision qu\u2019il souhaite porter. Il a<br \/>\nd\u00e9clar\u00e9 sans d\u00e9tour : \u00ab \u00c7a aurait \u00e9t\u00e9 impossible pour moi de<br \/>\ncautionner la pr\u00e9sence d&rsquo;une femme en minijupe et d\u00e9collet\u00e9e<br \/>\nuniquement pour le d\u00e9corum \u00bb. Ce parti pris marque <strong>une<br \/>\nnouvelle \u00e8re pour l\u2019\u00e9mission<\/strong>, tout en laissant la porte<br \/>\nouverte \u00e0 une pr\u00e9sence autrement pens\u00e9e de la star su\u00e9doise.<\/p>\n<p>Victoria Silvstedt : son astuce pour<br \/>\nrester au top<\/p>\n<p>Victoria Silvstedt continue de briller, avec une pr\u00e9sence<br \/>\ntoujours aussi forte et une assurance qui inspire. Elle m\u00e8ne sa vie<br \/>\navec confiance, sans jamais se plier aux attentes. Apr\u00e8s avoir<br \/>\nconnu le succ\u00e8s dans la mode, les shootings glamour et les<br \/>\naffaires, <strong>la Su\u00e9doise semble d\u00e9fier le temps<\/strong>.<br \/>\nMalgr\u00e9 ses 50 ans, elle affiche une forme \u00e9clatante et affirme ne<br \/>\nsuivre aucun r\u00e9gime strict. Elle pr\u00e9f\u00e8re miser sur une alimentation<br \/>\nriche en l\u00e9gumes, fruits et salades, tout en gardant une approche<br \/>\nd\u00e9tendue de la nutrition.<\/p>\n<p>Mais selon <a href=\"https:\/\/www.melty.fr\/people\/victoria-silvstedt-a-fait-lamour-avec-une-femme-469992.html\" target=\"_blank\" rel=\"noopener\"><br \/>\ncelle qui a fait l&rsquo;amour avec une femme<\/a>, le vrai secret n\u2019est<br \/>\npas dans l\u2019assiette, mais dans ce qu\u2019elle boit. Elle confie en<br \/>\ntoute simplicit\u00e9 : \u00ab\u00a0Je bois de la poudre de collag\u00e8ne.\u00a0\u00bb Ce<br \/>\ngeste quotidien aurait des bienfaits visibles sur son corps. Le<br \/>\ncollag\u00e8ne, comme elle le pr\u00e9cise, <strong>aide \u00e0 maintenir<br \/>\nl\u2019\u00e9lasticit\u00e9 et la r\u00e9g\u00e9n\u00e9ration des tissus<\/strong>. Sa production<br \/>\nnaturelle diminuant d\u00e8s l\u2019\u00e2ge de 30 ans, des compl\u00e9ments peuvent<br \/>\nrelancer le processus. Une routine \u00e9tonnante, mais efficace, qui<br \/>\nsemble porter ses fruits.<\/p>\n","protected":false},"excerpt":{"rendered":"Victoria Silvstedt n\u2019a rien perdu de son aura. L\u2019ancienne complice de Christophe Dechavanne dans La Roue de la&hellip;\n","protected":false},"author":2,"featured_media":288212,"comment_status":"","ping_status":"","sticky":false,"template":"","format":"standard","meta":{"footnotes":""},"categories":[1359],"tags":[905,58,59,1194,1011,27,973],"class_list":{"0":"post-288211","1":"post","2":"type-post","3":"status-publish","4":"format-standard","5":"has-post-thumbnail","7":"category-people","8":"tag-a-la-une-melty","9":"tag-divertissement","10":"tag-entertainment","11":"tag-eric-antoine","12":"tag-fr","13":"tag-france","14":"tag-people"},"share_on_mastodon":{"url":"https:\/\/pubeurope.com\/@fr\/114951633096973358","error":""},"_links":{"self":[{"href":"https:\/\/www.europesays.com\/fr\/wp-json\/wp\/v2\/posts\/288211","targetHints":{"allow":["GET"]}}],"collection":[{"href":"https:\/\/www.europesays.com\/fr\/wp-json\/wp\/v2\/posts"}],"about":[{"href":"https:\/\/www.europesays.com\/fr\/wp-json\/wp\/v2\/types\/post"}],"author":[{"embeddable":true,"href":"https:\/\/www.europesays.com\/fr\/wp-json\/wp\/v2\/users\/2"}],"replies":[{"embeddable":true,"href":"https:\/\/www.europesays.com\/fr\/wp-json\/wp\/v2\/comments?post=288211"}],"version-history":[{"count":0,"href":"https:\/\/www.europesays.com\/fr\/wp-json\/wp\/v2\/posts\/288211\/revisions"}],"wp:featuredmedia":[{"embeddable":true,"href":"https:\/\/www.europesays.com\/fr\/wp-json\/wp\/v2\/media\/288212"}],"wp:attachment":[{"href":"https:\/\/www.europesays.com\/fr\/wp-json\/wp\/v2\/media?parent=288211"}],"wp:term":[{"taxonomy":"category","embeddable":true,"href":"https:\/\/www.europesays.com\/fr\/wp-json\/wp\/v2\/categories?post=288211"},{"taxonomy":"post_tag","embeddable":true,"href":"https:\/\/www.europesays.com\/fr\/wp-json\/wp\/v2\/tags?post=288211"}],"curies":[{"name":"wp","href":"https:\/\/api.w.org\/{rel}","templated":true}]}}