{"id":288213,"date":"2025-08-01T04:32:15","date_gmt":"2025-08-01T04:32:15","guid":{"rendered":"https:\/\/www.europesays.com\/fr\/288213\/"},"modified":"2025-08-01T04:32:15","modified_gmt":"2025-08-01T04:32:15","slug":"cest-une-halte-appreciee-la-belle-saison-des-librairies-du-pays-de-quimperle","status":"publish","type":"post","link":"https:\/\/www.europesays.com\/fr\/288213\/","title":{"rendered":"\u00ab\u00a0C\u2019est une halte appr\u00e9ci\u00e9e\u00a0\u00bb, la belle saison des librairies du pays de Quimperl\u00e9"},"content":{"rendered":"<p>Sur une serviette \u00e0 la plage ou dans un hamac, berc\u00e9 par le chant de la nature, c\u00f4t\u00e9 mer ou sur le versant d\u2019une montagne, la pause estivale reste une belle invitation \u00e0 la lecture et \u00e0 faire le plein de livres, avant de boucler les valises sur la route des vacances. \u00ab\u00a0C\u2019est vrai que c\u2019est un passage oblig\u00e9 avant le d\u00e9part. Les habitu\u00e9s viennent y faire le plein avant de partir. Mais la librairie est aussi une halte pour de nombreux touristes qui visitent les monuments de la basse ville. Apr\u00e8s tout, je fais aussi partie du patrimoine local au bout de 18 ans de pr\u00e9sence\u00a0\u00bb, plaisante Karine Clujery, la patronne des Mots voyageurs, place Hervo, \u00e0 Quimperl\u00e9. Pendant les vacances, les librairies s\u2019imposent comme des lieux de fl\u00e2nerie, \u00e0 l\u2019abri de la pluie ou \u00e0 l\u2019ombre du cagnard. Loin de la recherche du temps perdu qui rythme le reste de l\u2019ann\u00e9e, les touristes osent musarder et feuilleter quelques ouvrages au gr\u00e9 des rayonnages. \u00ab\u00a0Les gens viennent se poser. Et comme nous avons fait le choix de ne pas indiquer les genres litt\u00e9raires, ils s\u2019offrent une d\u00e9ambulation qui leur r\u00e9serve parfois des surprises\u00a0\u00bb, observe Anne Goasuen, libraire au Grand bain, \u00e0 Bannalec.<\/p>\n<p>\u00c0 l\u2019\u00e9coute des conseils de lecture<\/p>\n<p>\u00ab\u00a0C\u2019est une halte appr\u00e9ci\u00e9e. Nous avons plus de passage durant l\u2019\u00e9t\u00e9. Les gens prennent le temps de s\u2019attarder\u00a0\u00bb, confirme Audrey Pineau, de la librairie Divergences, place Saint-Michel, \u00e0 Quimperl\u00e9. \u00ab\u00a0Certains nous disent qu\u2019ils ont entendu parler du lieu et viennent le d\u00e9couvrir \u00e0 la faveur des vacances\u00a0\u00bb, poursuit-elle. Un vacancier, venu de Rennes, acquiesce. Pour toutes les librairies, la p\u00e9riode estivale est le chapitre le plus important de leur activit\u00e9, apr\u00e8s la p\u00e9riode des f\u00eates de fin d\u2019ann\u00e9e. La l\u00e9g\u00e8ret\u00e9 du moment invite \u00e0 d\u00e9laisser les \u00ab\u00a0beaux livres\u00a0\u00bb, lourds et encombrants. \u00ab\u00a0C\u2019est la p\u00e9riode des livres de poche, facile \u00e0 transporter\u00a0\u00bb, sourit Audrey Pineau. C\u2019est aussi le temps des d\u00e9couvertes. \u00ab\u00a0Ils se laissent guider, conseiller, sans rechercher une s\u00e9ance de rattrapage sur les prix d\u2019automne, d\u00e9j\u00e0 tr\u00e8s loin\u00a0\u00bb, soulignent les libraires de Divergences. D\u2019ailleurs, leurs coups de c\u0153ur ont souvent la pr\u00e9f\u00e9rence des acheteurs. \u00ab\u00a0Le livre intitul\u00e9 \u00ab\u00a0D\u00e9border Bollor\u00e9\u00a0\u00bb et co-\u00e9dit\u00e9 par Divergences conna\u00eet un beau succ\u00e8s\u00a0\u00bb, indiquent-elles.<\/p>\n<p>La Bretagne t\u00eate de gondole<\/p>\n<p>\u00ab\u00a0Comme les \u00e9missions litt\u00e9raires \u00e0 la t\u00e9l\u00e9vision ou \u00e0 la radio sont sur pause, les clients sont plus \u00e0 l\u2019\u00e9coute de nos suggestions. Et on conseille \u00e0 cette p\u00e9riode des livres qui font rire\u00a0\u00bb, rel\u00e8ve Anne Goasguen. \u00ab\u00a0Ils ont moins envie de gravit\u00e9 et de s\u00e9rieux \u00e0 cette p\u00e9riode de l\u2019ann\u00e9e. Ils veulent plus d\u2019humour. L\u2019un des succ\u00e8s du moment est \u00ab\u00a0Clamser \u00e0 Tataouine\u00a0\u00bb, le premier roman de l\u2019acteur Rapha\u00ebl Quenard\u00a0\u00bb, note Karine Clujery. Mais c\u2019est aussi une invitation \u00e0 prolonger la d\u00e9couverte d\u2019une r\u00e9gion en plongeant dans des ouvrages. Les libraires sont donc mis \u00e0 la page pour satisfaire la curiosit\u00e9 estivale des visiteurs en \u00e9toffant leur rayon Bretagne avec des sujets sur le territoire et des \u00e9ditions r\u00e9gionales. \u00ab\u00a0C\u2019est une particularit\u00e9 estivale. Les touristes sont curieux et recherchent des sujets sur la r\u00e9gion ou le territoire\u00a0\u00bb, notent les libraires de Divergence. Au-del\u00e0 des contes et l\u00e9gendes, les histoires sur la Bretagne sont l\u2019occasion de prolonger les vacances.<\/p>\n","protected":false},"excerpt":{"rendered":"Sur une serviette \u00e0 la plage ou dans un hamac, berc\u00e9 par le chant de la nature, c\u00f4t\u00e9&hellip;\n","protected":false},"author":2,"featured_media":288214,"comment_status":"","ping_status":"","sticky":false,"template":"","format":"standard","meta":{"footnotes":""},"categories":[1357],"tags":[1379,58,59,1011,27,1380,11878],"class_list":{"0":"post-288213","1":"post","2":"type-post","3":"status-publish","4":"format-standard","5":"has-post-thumbnail","7":"category-livres","8":"tag-books","9":"tag-divertissement","10":"tag-entertainment","11":"tag-fr","12":"tag-france","13":"tag-livres","14":"tag-quimperle"},"share_on_mastodon":{"url":"https:\/\/pubeurope.com\/@fr\/114951641174768124","error":""},"_links":{"self":[{"href":"https:\/\/www.europesays.com\/fr\/wp-json\/wp\/v2\/posts\/288213","targetHints":{"allow":["GET"]}}],"collection":[{"href":"https:\/\/www.europesays.com\/fr\/wp-json\/wp\/v2\/posts"}],"about":[{"href":"https:\/\/www.europesays.com\/fr\/wp-json\/wp\/v2\/types\/post"}],"author":[{"embeddable":true,"href":"https:\/\/www.europesays.com\/fr\/wp-json\/wp\/v2\/users\/2"}],"replies":[{"embeddable":true,"href":"https:\/\/www.europesays.com\/fr\/wp-json\/wp\/v2\/comments?post=288213"}],"version-history":[{"count":0,"href":"https:\/\/www.europesays.com\/fr\/wp-json\/wp\/v2\/posts\/288213\/revisions"}],"wp:featuredmedia":[{"embeddable":true,"href":"https:\/\/www.europesays.com\/fr\/wp-json\/wp\/v2\/media\/288214"}],"wp:attachment":[{"href":"https:\/\/www.europesays.com\/fr\/wp-json\/wp\/v2\/media?parent=288213"}],"wp:term":[{"taxonomy":"category","embeddable":true,"href":"https:\/\/www.europesays.com\/fr\/wp-json\/wp\/v2\/categories?post=288213"},{"taxonomy":"post_tag","embeddable":true,"href":"https:\/\/www.europesays.com\/fr\/wp-json\/wp\/v2\/tags?post=288213"}],"curies":[{"name":"wp","href":"https:\/\/api.w.org\/{rel}","templated":true}]}}