{"id":288215,"date":"2025-08-01T04:33:11","date_gmt":"2025-08-01T04:33:11","guid":{"rendered":"https:\/\/www.europesays.com\/fr\/288215\/"},"modified":"2025-08-01T04:33:11","modified_gmt":"2025-08-01T04:33:11","slug":"ethan-secret-story-letonnant-lien-entre-son-frere-et-alexis-le-gagnant-de-la-saison-derniere","status":"publish","type":"post","link":"https:\/\/www.europesays.com\/fr\/288215\/","title":{"rendered":"Ethan (Secret Story) : l\u2019\u00e9tonnant lien entre son fr\u00e8re et Alexis, le gagnant de la saison derni\u00e8re"},"content":{"rendered":"<p>      R\u00e9sum\u00e9<\/p>\n<p>Ethan, fr\u00e8re d\u2019Eden Hazard, partage un lien surprenant avec Alexis, le dernier gagnant de Secret Story, d\u00e9sormais co\u00e9quipier de son fr\u00e8re Kylian au club de Li\u00e8ge.<\/p>\n<p>        Sommaire<\/p>\n<p>Tr\u00e8s discret \u00e0 son arriv\u00e9e dans la maison des secrets, <strong>Ethan a su progressivement se faire une place dans le c\u0153ur des habitants<\/strong>, mais <a href=\"https:\/\/www.public.fr\/secret-story-2025-ethan-le-petit-frere-deden-hazard-devient-le-chouchou-des-telespectateurs\" target=\"_blank\" rel=\"noopener\">\u00e9galement des t\u00e9l\u00e9spectateurs<\/a>. Nomm\u00e9 \u00e0 cinq reprises, le fr\u00e8re d&rsquo;Eden Hazard d\u00e9tient le record de nominations cette saison \u00e0 Secret Story. Sauv\u00e9 \u00e0 chaque fois, il joue ce jeudi 31 juillet <strong>sa place en finale, face \u00e0 A\u00efmed et Anita<\/strong>. Mais avant de conna\u00eetre son sort, le jeune footballeur a pu retrouver sa maman, qui est venue lui faire une surprise au sein de la maison.<\/p>\n<p><a href=\"https:\/\/www.public.fr\/secret-story-pas-toujours-facile-ethan-le-frere-deden-hazard-fait-une-triste-confidence\" target=\"_blank\" rel=\"noopener\">S&rsquo;il p\u00e2tit depuis tout petit<\/a> d&rsquo;\u00eatre le fr\u00e8re d&rsquo;une star plan\u00e9taire du football, Ethan n&rsquo;en reste pas moins fier de ses fr\u00e8res. Alors, lorsque sa maman est arriv\u00e9e dans la maison, la question de savoir comment ses trois fr\u00e8res vont a \u00e9t\u00e9 la priorit\u00e9 absolue. Ethan a ainsi pris des nouvelles de son p\u00e8re, <strong>mais aussi et surtout d&rsquo;Eden, Thorgan et Kylian<\/strong>. Sa maman lui a ainsi r\u00e9v\u00e9l\u00e9 que Thorgan avait gagn\u00e9 son premier match 5-2, pas peu fi\u00e8re.<\/p>\n<p>Alexis joue avec le fr\u00e8re d&rsquo;Ethan Hazard !<\/p>\n<p>Mais la suite a surpris les fans de Secret Story tout comme les habitants. Carine Hazard a r\u00e9v\u00e9l\u00e9 que le cadet, Kylian, venait de signer avec un club belge : Li\u00e8ge. Pas peu fier, Ethan a r\u00e9v\u00e9l\u00e9 une anecdote \u00e9tonnante ! Et pour cause : en signant avec les Li\u00e9geois, <strong>Kylian Hazard est devenu le co\u00e9quipier d&rsquo;une star de Secret Story<\/strong>&#8230; En la personne <a href=\"https:\/\/www.public.fr\/alexis-secret-story-apres-sa-victoire-et-les-bons-moments-avec-zoe-il-retourne-au-football-dans-un-club-anglais\" target=\"_blank\" rel=\"noopener\">d&rsquo;Alexis Andr\u00e9 Jr<\/a> ! <\/p>\n<p>En effet, le gagnant de la derni\u00e8re saison, qui est d\u00e9sormais <strong>en couple avec Zo\u00e9 Brunet<\/strong>, est un footballeur professionnel reconnu. S&rsquo;il \u00e9volue d\u00e9sormais au RFC Li\u00e8ge en qualit\u00e9 de gardien de but, il est pass\u00e9 aussi par le Maroc, en s\u00e9lection nationale junior. A pr\u00e9sent, il joue aux c\u00f4t\u00e9s d&rsquo;un fr\u00e8re de la tribu Hazard. Ethan s&rsquo;est empress\u00e9 de le dire \u00e0 <strong>Anita, Romy, A\u00efmed et Noah<\/strong> : \u00ab\u00a0Je me doutais ! Il est avec Alexis\u00a0\u00bb. Un fr\u00e8re si fier, \u00e7a n&rsquo;a pas de prix !<\/p>\n<p>      Mentionn\u00e9s dans cet article<\/p>\n<p>      Sur le m\u00eame sujet<\/p>\n","protected":false},"excerpt":{"rendered":"R\u00e9sum\u00e9 Ethan, fr\u00e8re d\u2019Eden Hazard, partage un lien surprenant avec Alexis, le dernier gagnant de Secret Story, d\u00e9sormais&hellip;\n","protected":false},"author":2,"featured_media":288216,"comment_status":"","ping_status":"","sticky":false,"template":"","format":"standard","meta":{"footnotes":""},"categories":[1356],"tags":[828,58,59,63,1011,27,29901,252,1364],"class_list":{"0":"post-288215","1":"post","2":"type-post","3":"status-publish","4":"format-standard","5":"has-post-thumbnail","7":"category-television","8":"tag-belgique","9":"tag-divertissement","10":"tag-entertainment","11":"tag-football","12":"tag-fr","13":"tag-france","14":"tag-secret-story","15":"tag-television","16":"tag-tv"},"share_on_mastodon":{"url":"https:\/\/pubeurope.com\/@fr\/114951644976780541","error":""},"_links":{"self":[{"href":"https:\/\/www.europesays.com\/fr\/wp-json\/wp\/v2\/posts\/288215","targetHints":{"allow":["GET"]}}],"collection":[{"href":"https:\/\/www.europesays.com\/fr\/wp-json\/wp\/v2\/posts"}],"about":[{"href":"https:\/\/www.europesays.com\/fr\/wp-json\/wp\/v2\/types\/post"}],"author":[{"embeddable":true,"href":"https:\/\/www.europesays.com\/fr\/wp-json\/wp\/v2\/users\/2"}],"replies":[{"embeddable":true,"href":"https:\/\/www.europesays.com\/fr\/wp-json\/wp\/v2\/comments?post=288215"}],"version-history":[{"count":0,"href":"https:\/\/www.europesays.com\/fr\/wp-json\/wp\/v2\/posts\/288215\/revisions"}],"wp:featuredmedia":[{"embeddable":true,"href":"https:\/\/www.europesays.com\/fr\/wp-json\/wp\/v2\/media\/288216"}],"wp:attachment":[{"href":"https:\/\/www.europesays.com\/fr\/wp-json\/wp\/v2\/media?parent=288215"}],"wp:term":[{"taxonomy":"category","embeddable":true,"href":"https:\/\/www.europesays.com\/fr\/wp-json\/wp\/v2\/categories?post=288215"},{"taxonomy":"post_tag","embeddable":true,"href":"https:\/\/www.europesays.com\/fr\/wp-json\/wp\/v2\/tags?post=288215"}],"curies":[{"name":"wp","href":"https:\/\/api.w.org\/{rel}","templated":true}]}}