{"id":288217,"date":"2025-08-01T04:34:10","date_gmt":"2025-08-01T04:34:10","guid":{"rendered":"https:\/\/www.europesays.com\/fr\/288217\/"},"modified":"2025-08-01T04:34:10","modified_gmt":"2025-08-01T04:34:10","slug":"foi-vecu-et-message-fort-dans-son-premier-clip-art-du-grand-jeu","status":"publish","type":"post","link":"https:\/\/www.europesays.com\/fr\/288217\/","title":{"rendered":"foi, v\u00e9cu et message fort dans son premier clip \u00ab\u00a0Art du Grand Jeu\u00a0\u00bb"},"content":{"rendered":"<p>PILOU CLR entre dans le game avec un premier clip qui pose les bases de son univers. Avec le clip \u00ab\u00a0Art du Grand Jeu\u00a0\u00bb, le jeune rappeur d\u00e9livre un message clair : croire en Dieu, en soi, ou en quelque chose, c\u2019est essentiel mais \u00e7a ne suffit pas. La foi doit s\u2019accompagner d\u2019humilit\u00e9, de travail et de respect pour les autres. <\/p>\n<p>Inspir\u00e9 par sa propre vie, PILOU CLR veut parler \u00e0 la jeunesse. Il utilise son v\u00e9cu comme moteur pour transmettre un message fort, sinc\u00e8re et accessible. \u00c0 travers sa plume, il cherche \u00e0 \u00e9veiller les consciences, en restant ancr\u00e9 dans le r\u00e9el.  <\/p>\n<p>Premier clip, mais pas premier coup d\u2019\u00e9clat : \u00ab\u00a0Art du Grand Jeu\u00a0\u00bb d\u00e9voile un artiste prometteur, avec du fond et une vision. Un nom \u00e0 suivre de pr\u00e8s. <\/p>\n","protected":false},"excerpt":{"rendered":"PILOU CLR entre dans le game avec un premier clip qui pose les bases de son univers. Avec&hellip;\n","protected":false},"author":2,"featured_media":288218,"comment_status":"","ping_status":"","sticky":false,"template":"","format":"standard","meta":{"footnotes":""},"categories":[1355],"tags":[58,59,1011,27,1361,873],"class_list":{"0":"post-288217","1":"post","2":"type-post","3":"status-publish","4":"format-standard","5":"has-post-thumbnail","7":"category-musique","8":"tag-divertissement","9":"tag-entertainment","10":"tag-fr","11":"tag-france","12":"tag-music","13":"tag-musique"},"share_on_mastodon":{"url":"https:\/\/pubeurope.com\/@fr\/114951648948447324","error":""},"_links":{"self":[{"href":"https:\/\/www.europesays.com\/fr\/wp-json\/wp\/v2\/posts\/288217","targetHints":{"allow":["GET"]}}],"collection":[{"href":"https:\/\/www.europesays.com\/fr\/wp-json\/wp\/v2\/posts"}],"about":[{"href":"https:\/\/www.europesays.com\/fr\/wp-json\/wp\/v2\/types\/post"}],"author":[{"embeddable":true,"href":"https:\/\/www.europesays.com\/fr\/wp-json\/wp\/v2\/users\/2"}],"replies":[{"embeddable":true,"href":"https:\/\/www.europesays.com\/fr\/wp-json\/wp\/v2\/comments?post=288217"}],"version-history":[{"count":0,"href":"https:\/\/www.europesays.com\/fr\/wp-json\/wp\/v2\/posts\/288217\/revisions"}],"wp:featuredmedia":[{"embeddable":true,"href":"https:\/\/www.europesays.com\/fr\/wp-json\/wp\/v2\/media\/288218"}],"wp:attachment":[{"href":"https:\/\/www.europesays.com\/fr\/wp-json\/wp\/v2\/media?parent=288217"}],"wp:term":[{"taxonomy":"category","embeddable":true,"href":"https:\/\/www.europesays.com\/fr\/wp-json\/wp\/v2\/categories?post=288217"},{"taxonomy":"post_tag","embeddable":true,"href":"https:\/\/www.europesays.com\/fr\/wp-json\/wp\/v2\/tags?post=288217"}],"curies":[{"name":"wp","href":"https:\/\/api.w.org\/{rel}","templated":true}]}}