{"id":288231,"date":"2025-08-01T04:41:11","date_gmt":"2025-08-01T04:41:11","guid":{"rendered":"https:\/\/www.europesays.com\/fr\/288231\/"},"modified":"2025-08-01T04:41:11","modified_gmt":"2025-08-01T04:41:11","slug":"trump-met-a-jour-ses-surtaxes-le-canada-et-la-suisse-durement-touches-actualites","status":"publish","type":"post","link":"https:\/\/www.europesays.com\/fr\/288231\/","title":{"rendered":"Trump met \u00e0 jour ses surtaxes, le Canada et la Suisse durement touch\u00e9s : Actualit\u00e9s"},"content":{"rendered":"<p class=\"lead \">Le pr\u00e9sident am\u00e9ricain Donald Trump a sign\u00e9 le d\u00e9cret fixant le montant des nouvelles surtaxes douani\u00e8res qui toucheront les produits de dizaines de pays, bousculant l&rsquo;ordre \u00e9conomique mondial avec ces barri\u00e8res commerciales particuli\u00e8rement prohibitives pour le Canada et la Suisse.<\/p>\n<p class=\"lead \">Certains pays d&rsquo;Asie, qui redoutaient une facture plus lourde, ont accueilli malgr\u00e9 tout avec des oufs de soulagement vendredi ces nouveaux nouveaux droits de douane, qui s&rsquo;ajouteront \u00e0 ceux qui existaient avant le retour de M. Trump au pouvoir. <\/p>\n<p class=\"lead \">La Maison Blanche, qui a l&rsquo;ambition de \u00ab\u00a0restructurer le commerce mondial au b\u00e9n\u00e9fice des salari\u00e9s am\u00e9ricains\u00a0\u00bb, a accord\u00e9 un r\u00e9pit de quelques jours. Ces taxes sur les importations prendront effet le 7 ao\u00fbt, et non le 1er ao\u00fbt comme attendu initialement, pour permettre aux douanes de s&rsquo;organiser pour la collecte, a indiqu\u00e9 un responsable de la Maison Blanche \u00e0 la presse.<\/p>\n<p class=\"lead \">Les Bourses asiatiques ont n\u00e9anmoins recul\u00e9 de concert vendredi apr\u00e8s la publication des surtaxes.<\/p>\n<p class=\"lead \">Celles-ci menacent, selon les experts, de freiner les \u00e9changes, d&rsquo;augmenter les co\u00fbts des entreprises et les prix pay\u00e9s par les consommateurs et d&rsquo;entra\u00eener un ralentissement de l&rsquo;\u00e9conomie mondiale.<\/p>\n<p class=\"lead \">\u00ab\u00a0Il n&rsquo;y a pas doute: le d\u00e9cret et les accords commerciaux conclus ces derniers mois rompent avec les r\u00e8gles qui r\u00e9gissaient le commerce international depuis la Seconde Guerre mondiale\u00a0\u00bb, a r\u00e9agi Wendy Cutler, vice-pr\u00e9sidente de l&rsquo;Asia Society Policy Institute.<\/p>\n<p class=\"lead \">Pour certains pays, pas de surprise. La surtaxe affich\u00e9e dans le d\u00e9cret est celle obtenue apr\u00e8s des mois de n\u00e9gociations avec Washington qui a cherch\u00e9 \u00e0 obtenir d&rsquo;eux le plus de concessions possibles, sans subir de repr\u00e9sailles sur les exportations am\u00e9ricaines.<\/p>\n<p class=\"lead \">L&rsquo;Union europ\u00e9enne (UE), le Japon ou la Cor\u00e9e du Sud voient ainsi leurs produits \u00eatre tax\u00e9s \u00e0 hauteur de 15%, et le Royaume-Uni de 10%. L&rsquo;UE a aussi obtenu une exemption pour des secteurs cl\u00e9s.<\/p>\n<p class=\"lead \">&#8211; Sursis pour le Mexique &#8211;<\/p>\n<p class=\"lead \">Pour d&rsquo;autres, ce sera la douche froide, comme la Suisse, qui \u00e9cope d&rsquo;une surtaxe de 39%, bien davantage que ce qui lui avait \u00e9t\u00e9 promis en avril (31%) alors que les autorit\u00e9s helv\u00e9tiques misaient sur les n\u00e9gociations.<\/p>\n<p class=\"lead \">Le Canada voit les droits de douane appliqu\u00e9s \u00e0 ses produits passer de 25% \u00e0 35%, sauf s&rsquo;ils sont couverts par l&rsquo;accord de libre-\u00e9change entre les trois pays d&rsquo;Am\u00e9rique du Nord.<\/p>\n<p class=\"lead \">Le Canada n&rsquo;a pas \u00e9t\u00e9 en mesure de coop\u00e9rer afin de r\u00e9duire le flot de fentanyl et autres drogues\u00a0\u00bb entrant aux Etats-Unis, selon la Maison Blanche, qui reproche aussi \u00e0 Ottawa d&rsquo;avoir \u00ab\u00a0pris des mesures de repr\u00e9sailles contre les Etats-Unis\u00a0\u00bb.<\/p>\n<p class=\"lead \">La plus forte surtaxe concerne la Syrie (41%), suivie du Laos (40%).<\/p>\n<p class=\"lead \">Plusieurs \u00e9conomies asiatiques, d\u00e9pendantes du march\u00e9 am\u00e9ricain, ont exprim\u00e9 vendredi leur satisfaction de voir que leurs exportations seront touch\u00e9es par une surtaxe inf\u00e9rieure \u00e0 ce que l&rsquo;ex\u00e9cutif am\u00e9ricain avait brandi au d\u00e9part.<\/p>\n<p class=\"lead \">C&rsquo;est le cas de la Tha\u00eflande, avec 19% contre 36% initialement, qui a salu\u00e9 un \u00ab\u00a0succ\u00e8s majeur\u00a0\u00bb. Ou encore du Cambodge (avec 19% \u00e9galement contre 49% initialement), qui a \u00e9voqu\u00e9 \u00ab\u00a0la meilleure nouvelle possible\u00a0\u00bb.<\/p>\n<p class=\"lead \">Ta\u00efwan, dont les produits seront touch\u00e9s par 20% de surtaxe, a dit de son c\u00f4t\u00e9 esp\u00e9rer obtenir une baisse suppl\u00e9mentaire apr\u00e8s avoir \u00e9t\u00e9 menac\u00e9 d&rsquo;un montant sup\u00e9rieur en avril (32%).<\/p>\n<p class=\"lead \">Au milieu des nombreuses annonces de la journ\u00e9e de jeudi aux Etats-Unis, un pays a \u00e9chapp\u00e9 aux foudres douani\u00e8res de Donald Trump. Le Mexique a obtenu un sursis de 90 jours avant une \u00e9ventuelle augmentation de droits de douane.<\/p>\n<p class=\"lead \">&#8211; Risque juridique &#8211;<\/p>\n<p class=\"lead \">L&rsquo;ex\u00e9cutif am\u00e9ricain a en revanche puni le Br\u00e9sil, plus t\u00f4t dans la semaine. Les produits br\u00e9siliens (hors exceptions) seront frapp\u00e9s par 50% de surtaxe douani\u00e8re \u00e0 l&rsquo;entr\u00e9e aux Etats-Unis. <\/p>\n<p class=\"lead \">Donald Trump assume d&rsquo;agir en repr\u00e9sailles contre les poursuites visant l&rsquo;ex-pr\u00e9sident Jair Bolsonaro, son alli\u00e9 d&rsquo;extr\u00eame droite, accus\u00e9 d&rsquo;avoir tent\u00e9 un coup d&rsquo;Etat apr\u00e8s sa d\u00e9faite lors de l&rsquo;\u00e9lection de 2022.<\/p>\n<p class=\"lead \">Co\u00efncidence du calendrier, une Cour d&rsquo;appel f\u00e9d\u00e9rale a commenc\u00e9 jeudi \u00e0 Washington \u00e0 examiner un appel devant d\u00e9terminer si Donald Trump a outrepass\u00e9 ses pouvoirs constitutionnels en imposant ces surtaxes sans l&rsquo;approbation du Congr\u00e8s. Cela concerne les droits de douane universels, c&rsquo;est-\u00e0-dire ceux qui ne sont pas impos\u00e9s \u00e0 un secteur particulier comme l&rsquo;automobile ou l&rsquo;acier.<\/p>\n<p class=\"lead \">L&rsquo;avocat des plaignants, des petites entreprises ainsi qu&rsquo;une dizaine d&rsquo;Etats am\u00e9ricains, a notamment d\u00e9nonc\u00e9 \u00ab\u00a0un accaparement de pouvoir sans pr\u00e9c\u00e9dent de la part d&rsquo;un pr\u00e9sident en 200 ans\u00a0\u00bb.<\/p>\n<p class=\"lead \">La Maison Blanche a d\u00e9j\u00e0 promis de saisir la Cour supr\u00eame si la d\u00e9cision lui \u00e9tait d\u00e9favorable.<\/p>\n<p class=\"small font-weight-bold text-gray3 \"> publi\u00e9 le 1 ao\u00fbt \u00e0 05h17, AFP<\/p>\n<p>                             Partager<\/p>\n","protected":false},"excerpt":{"rendered":"Le pr\u00e9sident am\u00e9ricain Donald Trump a sign\u00e9 le d\u00e9cret fixant le montant des nouvelles surtaxes douani\u00e8res qui toucheront&hellip;\n","protected":false},"author":2,"featured_media":288232,"comment_status":"","ping_status":"","sticky":false,"template":"","format":"standard","meta":{"footnotes":""},"categories":[5],"tags":[743,11,574,215,2120,312,2822,1011,27,418,14,12,316,308,28],"class_list":{"0":"post-288231","1":"post","2":"type-post","3":"status-publish","4":"format-standard","5":"has-post-thumbnail","7":"category-international","8":"tag-accord","9":"tag-actualites","10":"tag-canada","11":"tag-commerce","12":"tag-conflit","13":"tag-diplomatie","14":"tag-douanes","15":"tag-fr","16":"tag-france","17":"tag-gouvernement","18":"tag-international","19":"tag-news","20":"tag-politique","21":"tag-usa","22":"tag-world"},"share_on_mastodon":{"url":"https:\/\/pubeurope.com\/@fr\/114951676578653319","error":""},"_links":{"self":[{"href":"https:\/\/www.europesays.com\/fr\/wp-json\/wp\/v2\/posts\/288231","targetHints":{"allow":["GET"]}}],"collection":[{"href":"https:\/\/www.europesays.com\/fr\/wp-json\/wp\/v2\/posts"}],"about":[{"href":"https:\/\/www.europesays.com\/fr\/wp-json\/wp\/v2\/types\/post"}],"author":[{"embeddable":true,"href":"https:\/\/www.europesays.com\/fr\/wp-json\/wp\/v2\/users\/2"}],"replies":[{"embeddable":true,"href":"https:\/\/www.europesays.com\/fr\/wp-json\/wp\/v2\/comments?post=288231"}],"version-history":[{"count":0,"href":"https:\/\/www.europesays.com\/fr\/wp-json\/wp\/v2\/posts\/288231\/revisions"}],"wp:featuredmedia":[{"embeddable":true,"href":"https:\/\/www.europesays.com\/fr\/wp-json\/wp\/v2\/media\/288232"}],"wp:attachment":[{"href":"https:\/\/www.europesays.com\/fr\/wp-json\/wp\/v2\/media?parent=288231"}],"wp:term":[{"taxonomy":"category","embeddable":true,"href":"https:\/\/www.europesays.com\/fr\/wp-json\/wp\/v2\/categories?post=288231"},{"taxonomy":"post_tag","embeddable":true,"href":"https:\/\/www.europesays.com\/fr\/wp-json\/wp\/v2\/tags?post=288231"}],"curies":[{"name":"wp","href":"https:\/\/api.w.org\/{rel}","templated":true}]}}