{"id":288257,"date":"2025-08-01T05:01:15","date_gmt":"2025-08-01T05:01:15","guid":{"rendered":"https:\/\/www.europesays.com\/fr\/288257\/"},"modified":"2025-08-01T05:01:15","modified_gmt":"2025-08-01T05:01:15","slug":"isere-dans-les-coulisses-de-photoweb-nee-a-grenoble-qui-imprime-vos-souvenirs-depuis-25-ans","status":"publish","type":"post","link":"https:\/\/www.europesays.com\/fr\/288257\/","title":{"rendered":"Is\u00e8re. Dans les coulisses de Photoweb, n\u00e9e \u00e0 Grenoble, qui imprime vos souvenirs depuis 25 ans"},"content":{"rendered":"<p>Un atelier de production, des dizaines de machines, un studio graphique, une aire de livraison et de stockage, des dizaines de bureaux, le tout regroup\u00e9 dans un seul et m\u00eame site de 14\u00a0000 m2. En arrivant aux abords de la rue des Platanes \u00e0 Saint-\u00c9gr\u00e8ve, difficile d\u2019imaginer que l\u2019aventure du g\u00e9ant fran\u00e7ais Photoweb a commenc\u00e9 il y a 25 ans dans un appartement grenoblois.<\/p>\n<p>\u00ab\u00a0En 2000, deux jeunes \u00e9tudiants en \u00e9cole de commerce, \u00c9tienne Descure et Herv\u00e9 Allibe, ont eu la bonne id\u00e9e de cr\u00e9er la premi\u00e8re entreprise fran\u00e7aise d\u2019impression photo en ligne en profitant du&#8230;<\/p>\n","protected":false},"excerpt":{"rendered":"Un atelier de production, des dizaines de machines, un studio graphique, une aire de livraison et de stockage,&hellip;\n","protected":false},"author":2,"featured_media":288258,"comment_status":"","ping_status":"","sticky":false,"template":"","format":"standard","meta":{"footnotes":""},"categories":[9566],"tags":[1111,11,2430,1687,4397,33,112,1777,674,1011,27,2731,693,108,6225,15108,12,25,275,276,106,216],"class_list":{"0":"post-288257","1":"post","2":"type-post","3":"status-publish","4":"format-standard","5":"has-post-thumbnail","7":"category-grenoble","8":"tag-actu","9":"tag-actualites","10":"tag-auvergne-rhone-alpes","11":"tag-culture-loisirs","12":"tag-decoration","13":"tag-economie","14":"tag-edition-grenoble-agglomeration","15":"tag-eu","16":"tag-europe","17":"tag-fr","18":"tag-france","19":"tag-grenoble","20":"tag-industrie","21":"tag-isere","22":"tag-la-matinale","23":"tag-magazine-lifestyle","24":"tag-news","25":"tag-republique-francaise","26":"tag-saint-egreve","27":"tag-saint-egreve-et-autour","28":"tag-selection-de-la-redaction-38","29":"tag-vie-des-entreprises"},"share_on_mastodon":{"url":"https:\/\/pubeurope.com\/@fr\/114951755160386194","error":""},"_links":{"self":[{"href":"https:\/\/www.europesays.com\/fr\/wp-json\/wp\/v2\/posts\/288257","targetHints":{"allow":["GET"]}}],"collection":[{"href":"https:\/\/www.europesays.com\/fr\/wp-json\/wp\/v2\/posts"}],"about":[{"href":"https:\/\/www.europesays.com\/fr\/wp-json\/wp\/v2\/types\/post"}],"author":[{"embeddable":true,"href":"https:\/\/www.europesays.com\/fr\/wp-json\/wp\/v2\/users\/2"}],"replies":[{"embeddable":true,"href":"https:\/\/www.europesays.com\/fr\/wp-json\/wp\/v2\/comments?post=288257"}],"version-history":[{"count":0,"href":"https:\/\/www.europesays.com\/fr\/wp-json\/wp\/v2\/posts\/288257\/revisions"}],"wp:featuredmedia":[{"embeddable":true,"href":"https:\/\/www.europesays.com\/fr\/wp-json\/wp\/v2\/media\/288258"}],"wp:attachment":[{"href":"https:\/\/www.europesays.com\/fr\/wp-json\/wp\/v2\/media?parent=288257"}],"wp:term":[{"taxonomy":"category","embeddable":true,"href":"https:\/\/www.europesays.com\/fr\/wp-json\/wp\/v2\/categories?post=288257"},{"taxonomy":"post_tag","embeddable":true,"href":"https:\/\/www.europesays.com\/fr\/wp-json\/wp\/v2\/tags?post=288257"}],"curies":[{"name":"wp","href":"https:\/\/api.w.org\/{rel}","templated":true}]}}