{"id":288260,"date":"2025-08-01T05:03:10","date_gmt":"2025-08-01T05:03:10","guid":{"rendered":"https:\/\/www.europesays.com\/fr\/288260\/"},"modified":"2025-08-01T05:03:10","modified_gmt":"2025-08-01T05:03:10","slug":"certains-nosent-plus-sortir-la-nuit-sur-ce-camp-de-fortune-a-rennes-les-migrants-sinquietent-pour-leur-securite","status":"publish","type":"post","link":"https:\/\/www.europesays.com\/fr\/288260\/","title":{"rendered":"\u00ab\u00a0Certains n\u2019osent plus sortir la nuit\u00a0\u00bb\u00a0: sur ce camp de fortune \u00e0 Rennes, les migrants s\u2019inqui\u00e8tent pour leur s\u00e9curit\u00e9"},"content":{"rendered":"<p>L\u2019Interorganisation de soutien aux personnes exil\u00e9es et Utopia 56 tirent une nouvelle fois la sonnette d\u2019alarme. Depuis le <a href=\"https:\/\/www.letelegramme.fr\/ille-et-vilaine\/rennes-35000\/a-rennes-ils-ont-trouve-refuge-dans-le-parc-de-maurepas-6798232.php\" target=\"_blank\" rel=\"nofollow noopener\">7 avril et l\u2019expulsion du gymnase Felix-Masson<\/a>, le campement pour migrants du parc de Maurepas, \u00e0 Rennes, ne cesse de grossir. \u00ab Selon notre dernier d\u00e9compte, 263 personnes, dont une centaine d\u2019enfants et 15 de moins de trois ans, vivent dans le campement o\u00f9 les conditions de vie sont alarmantes \u00bb, constate Suzanne Mamet, coordinatrice d\u2019Utopia 56 Rennes.<\/p>\n<p>Tentes de mauvaise qualit\u00e9 recouvertes de b\u00e2ches, pas d\u2019\u00e9lectricit\u00e9, seulement deux toilettes chimiques \u00e0 proximit\u00e9, de l\u2019eau froide pour se laver et une rampe de quatre robinets, mais aussi \u00ab un sentiment grandissant d\u2019ins\u00e9curit\u00e9 \u00bb. \u00ab Les relations entre occupants se tendent r\u00e9guli\u00e8rement avec la densit\u00e9 qui s\u2019accro\u00eet et certaines personnes n\u2019osent plus sortir la nuit \u00bb, alerte l\u2019Interorganisation de soutien aux personnes exil\u00e9es et Utopia 56 dans un communiqu\u00e9.<\/p>\n<p>Tensions, bagarres\u2026<\/p>\n<p>\u00ab Des tensions sont apparues, abonde Suzanne Mamet. On nous rapporte des bagarres notamment. On assiste \u00e0 une cohabitation resserr\u00e9e entre des personnes qui n\u2019ont pas choisi de vivre ensemble et aux profils tr\u00e8s diff\u00e9rents \u00bb. Ici, cohabitent des familles, mineurs isol\u00e9s, \u00ab personnes sous addiction n\u2019ayant aucune envie de s\u2019investir mais seulement de se fondre dans la masse, mais aussi plusieurs groupes de personnes ayant grandi en France, au parcours tr\u00e8s caboss\u00e9 avec des comportements souvent probl\u00e9matiques et quelques personnes souffrant manifestement de troubles psychiatriques \u00bb, pointent les deux associations.<\/p>\n<p>\u00ab Les femmes et les enfants sont en proie \u00e0 n\u2019importe quelle personne qui passe \u00bb<\/p>\n<p>La coordinatrice d\u2019Utopia 56 Rennes est \u00ab particuli\u00e8rement inqui\u00e8te pour les mineurs isol\u00e9s et les femmes. Certains nous ont racont\u00e9 que des tentatives d\u2019intrusion ont eu lieu dans leur tente la nuit. Des femmes vivent des violences \u00bb. Des tentatives d\u2019intrusion \u00ab in\u00e9vitables \u00bb selon Armelle Bounya, du Mrap (Mouvement contre le racisme et pour l\u2019amiti\u00e9 entre les peuples). \u00ab Il n\u2019y a aucune s\u00e9curit\u00e9 dans le campement, les femmes et les enfants sont en proie \u00e0 n\u2019importe quelle personne qui passe \u00bb.<\/p>\n<p>La police indique n\u2019avoir re\u00e7u aucune plainte de la part des personnes qui vivent dans le campement de Maurepas. Quant \u00e0 la pr\u00e9fecture d\u2019Ille-et-Vilaine, elle reconna\u00eet que \u00ab des incidents surviennent r\u00e9guli\u00e8rement dans les campements \u00bb, mais n\u2019a \u00ab pas eu connaissance de faits graves r\u00e9cemment \u00bb.<\/p>\n<p>\u00ab On est tous traumatis\u00e9s \u00bb<\/p>\n<p>\u00ab Il y a surtout un sentiment de peur, estime Tr\u00e9sor, habitant du camp de Maurepas originaire de R\u00e9publique d\u00e9mocratique du Congo. Il y a eu des vols entre nous, mais \u00e7a a \u00e9t\u00e9 r\u00e9gl\u00e9. Quand il y a un probl\u00e8me, on intervient. Ce sont surtout des querelles et, plus rarement, des bagarres. \u00bb Face \u00e0 ce sentiment de peur, l\u2019homme, arriv\u00e9 seul en France et en attente du r\u00e9examen de sa demande d\u2019asile, effectue trois rondes chaque nuit, \u00ab \u00e0 minuit, 3 h et 6 h \u00bb. Sa crainte ? \u00ab On a remarqu\u00e9 que des gens ext\u00e9rieurs au campement viennent le soir. \u00bb<\/p>\n<p>Ici depuis quatre mois, il essaie de rendre le quotidien un peu plus vivable. \u00ab On essaie d\u2019identifier tous les nouveaux qui s\u2019installent. On met des m\u00e9canismes en place pour que cela se passe bien, notamment l\u2019organisation du nettoyage complet du camp tous les lundis. Mais il faut avoir les nerfs solides, sans eau courante ni \u00e9lectricit\u00e9 depuis quatre mois, les passants qui nous insultent et font peur aux enfants. On est tous traumatis\u00e9s. \u00bb<\/p>\n","protected":false},"excerpt":{"rendered":"L\u2019Interorganisation de soutien aux personnes exil\u00e9es et Utopia 56 tirent une nouvelle fois la sonnette d\u2019alarme. Depuis le&hellip;\n","protected":false},"author":2,"featured_media":288261,"comment_status":"","ping_status":"","sticky":false,"template":"","format":"standard","meta":{"footnotes":""},"categories":[2821],"tags":[1111,11,829,765,1777,674,1011,27,848,12,584,25],"class_list":{"0":"post-288260","1":"post","2":"type-post","3":"status-publish","4":"format-standard","5":"has-post-thumbnail","7":"category-rennes","8":"tag-actu","9":"tag-actualites","10":"tag-bretagne","11":"tag-en-continu","12":"tag-eu","13":"tag-europe","14":"tag-fr","15":"tag-france","16":"tag-ille-et-vilaine","17":"tag-news","18":"tag-rennes","19":"tag-republique-francaise"},"share_on_mastodon":{"url":"https:\/\/pubeurope.com\/@fr\/114951762935055459","error":""},"_links":{"self":[{"href":"https:\/\/www.europesays.com\/fr\/wp-json\/wp\/v2\/posts\/288260","targetHints":{"allow":["GET"]}}],"collection":[{"href":"https:\/\/www.europesays.com\/fr\/wp-json\/wp\/v2\/posts"}],"about":[{"href":"https:\/\/www.europesays.com\/fr\/wp-json\/wp\/v2\/types\/post"}],"author":[{"embeddable":true,"href":"https:\/\/www.europesays.com\/fr\/wp-json\/wp\/v2\/users\/2"}],"replies":[{"embeddable":true,"href":"https:\/\/www.europesays.com\/fr\/wp-json\/wp\/v2\/comments?post=288260"}],"version-history":[{"count":0,"href":"https:\/\/www.europesays.com\/fr\/wp-json\/wp\/v2\/posts\/288260\/revisions"}],"wp:featuredmedia":[{"embeddable":true,"href":"https:\/\/www.europesays.com\/fr\/wp-json\/wp\/v2\/media\/288261"}],"wp:attachment":[{"href":"https:\/\/www.europesays.com\/fr\/wp-json\/wp\/v2\/media?parent=288260"}],"wp:term":[{"taxonomy":"category","embeddable":true,"href":"https:\/\/www.europesays.com\/fr\/wp-json\/wp\/v2\/categories?post=288260"},{"taxonomy":"post_tag","embeddable":true,"href":"https:\/\/www.europesays.com\/fr\/wp-json\/wp\/v2\/tags?post=288260"}],"curies":[{"name":"wp","href":"https:\/\/api.w.org\/{rel}","templated":true}]}}