{"id":288266,"date":"2025-08-01T05:07:31","date_gmt":"2025-08-01T05:07:31","guid":{"rendered":"https:\/\/www.europesays.com\/fr\/288266\/"},"modified":"2025-08-01T05:07:31","modified_gmt":"2025-08-01T05:07:31","slug":"pres-de-nice-un-nouvel-incendie-pres-dhabitations-les-pompiers-engages","status":"publish","type":"post","link":"https:\/\/www.europesays.com\/fr\/288266\/","title":{"rendered":"Pr\u00e8s de Nice. Un nouvel incendie pr\u00e8s d\u2019habitations, les pompiers engag\u00e9s"},"content":{"rendered":"<p>            Par<br \/>\n        <strong><br \/>\n            <a href=\"https:\/\/actu.fr\/auteur\/ugo-maillard\" title=\"Consulter tous les articles de Ugo Maillard\" rel=\"nofollow noopener\" target=\"_blank\">Ugo Maillard<\/a><br \/>\n        <\/strong><\/p>\n<p>        Publi\u00e9 le<\/p>\n<p>            31 juil. 2025 \u00e0 14h05<br \/>\n        ; mis \u00e0 jour le 31 juil. 2025 \u00e0 14h30    <\/p>\n<p>Un <strong>feu de broussailles<\/strong> s\u2019est d\u00e9clar\u00e9 ce jeudi 31\u00a0juillet 2025, peu apr\u00e8s 12h. Les flammes se propagent sur une zone p\u00e9ri-urbaine sur la commune de La Gaude, dans les <a href=\"https:\/\/actu.fr\/provence-alpes-cote-d-azur\/alpes-maritimes_06\" rel=\"nofollow noopener\" target=\"_blank\">Alpes-Maritimes<\/a>.<\/p>\n<p>    <a href=\"https:\/\/www.google.com\/maps\/embed?pb=!1m18!1m12!1m3!1d46138.486234167154!2d7.1193331930325945!3d43.71771020107943!2m3!1f0!2f0!3f0!3m2!1i1024!2i768!4f13.1!3m3!1m2!1s0x12cdcd899578a749%3A0x95ed12fbdd656dfe!2s06610%20La%20Gaude!5e0!3m2!1sfr!2sfr!4v1753963153294!5m2!1sfr!2sfr\" title=\"Ouvrie le lien\" rel=\"nofollow noopener\" target=\"_blank\">Cliquez ici pour visualiser le contenu<\/a><\/p>\n<p class=\" wall-content\">Selon les premi\u00e8res informations communiqu\u00e9es par le Service d\u00e9partemental d\u2019incendie et de secours du d\u00e9partement \u00e0 <a href=\"https:\/\/actu.fr\/nice\/\" rel=\"nofollow noopener\" target=\"_blank\">actu Nice<\/a>, des moyens terrestres et des <strong>h\u00e9licopt\u00e8res bombardiers<\/strong> d\u2019eau sont engag\u00e9s.<\/p>\n<p class=\" wall-content\">\u00c0 14 h 30, le feu est circonscrit apr\u00e8s 500 m\u00b2 de br\u00fbl\u00e9s.<\/p>\n<p>Un incendie mercredi<\/p>\n<p class=\" wall-content\">La commune de Lieuche, au nord de Nice, a \u00e9t\u00e9 touch\u00e9e par un <a href=\"https:\/\/actu.fr\/provence-alpes-cote-d-azur\/lieuche_06076\/pres-de-nice-un-incendie-se-propage-dans-un-espace-naturel-les-helicopteres-deployes_62980497.html\" rel=\"nofollow noopener\" target=\"_blank\">feu de broussailles<\/a> le mercredi 30\u00a0juillet. L\u2019incendie est fix\u00e9 mais la surface au sol parcourue par les flammes a pu \u00eatre limit\u00e9e \u00e0 2\u2009500 m\u00b2 dont\u00a0500 m\u00b2 br\u00fbl\u00e9s.<\/p>\n<p class=\" wall-content\">\u00c0 noter que la<a href=\"https:\/\/actu.fr\/provence-alpes-cote-d-azur\/nice_06088\/nice-temps-record-sans-pluie-la-secheresse-frappe-de-plein-fouet-les-alpes-maritimes_62971057.html\" rel=\"nofollow noopener\" target=\"_blank\"> s\u00e9cheresse atteint des niveaux alarmant<\/a> en ce milieu d\u2019\u00e9t\u00e9 2025 dans le d\u00e9partement.<\/p>\n<p class=\" wall-content\">Suivez toute l\u2019actualit\u00e9 de vos villes et m\u00e9dias favoris en vous inscrivant \u00e0 <a href=\"https:\/\/moncompte.actu.fr\" title=\"D\u00e9couvez Mon Actu\" rel=\"nofollow noopener\" data-trk=\"{&quot;cta&quot;:{&quot;action&quot;:&quot;https:\\\/\\\/moncompte.actu.fr&quot;,&quot;category&quot;:&quot;mon compte&quot;,&quot;from&quot;:&quot;article footer&quot;,&quot;name&quot;:&quot;Mon actu&quot;,&quot;type&quot;:&quot;cta&quot;}}\" target=\"_blank\">Mon Actu<\/a>.<\/p>\n","protected":false},"excerpt":{"rendered":"Par Ugo Maillard Publi\u00e9 le 31 juil. 2025 \u00e0 14h05 ; mis \u00e0 jour le 31 juil. 2025&hellip;\n","protected":false},"author":2,"featured_media":194363,"comment_status":"","ping_status":"","sticky":false,"template":"","format":"standard","meta":{"footnotes":""},"categories":[2819],"tags":[1111,11,1777,674,118,1011,27,1310,12,2401,1311,882,25],"class_list":{"0":"post-288266","1":"post","2":"type-post","3":"status-publish","4":"format-standard","5":"has-post-thumbnail","7":"category-nice","8":"tag-actu","9":"tag-actualites","10":"tag-eu","11":"tag-europe","12":"tag-faits-divers","13":"tag-fr","14":"tag-france","15":"tag-incendie","16":"tag-news","17":"tag-nice","18":"tag-pompiers","19":"tag-provence-alpes-cote-dazur","20":"tag-republique-francaise"},"share_on_mastodon":{"url":"https:\/\/pubeurope.com\/@fr\/114951778705372494","error":""},"_links":{"self":[{"href":"https:\/\/www.europesays.com\/fr\/wp-json\/wp\/v2\/posts\/288266","targetHints":{"allow":["GET"]}}],"collection":[{"href":"https:\/\/www.europesays.com\/fr\/wp-json\/wp\/v2\/posts"}],"about":[{"href":"https:\/\/www.europesays.com\/fr\/wp-json\/wp\/v2\/types\/post"}],"author":[{"embeddable":true,"href":"https:\/\/www.europesays.com\/fr\/wp-json\/wp\/v2\/users\/2"}],"replies":[{"embeddable":true,"href":"https:\/\/www.europesays.com\/fr\/wp-json\/wp\/v2\/comments?post=288266"}],"version-history":[{"count":0,"href":"https:\/\/www.europesays.com\/fr\/wp-json\/wp\/v2\/posts\/288266\/revisions"}],"wp:featuredmedia":[{"embeddable":true,"href":"https:\/\/www.europesays.com\/fr\/wp-json\/wp\/v2\/media\/194363"}],"wp:attachment":[{"href":"https:\/\/www.europesays.com\/fr\/wp-json\/wp\/v2\/media?parent=288266"}],"wp:term":[{"taxonomy":"category","embeddable":true,"href":"https:\/\/www.europesays.com\/fr\/wp-json\/wp\/v2\/categories?post=288266"},{"taxonomy":"post_tag","embeddable":true,"href":"https:\/\/www.europesays.com\/fr\/wp-json\/wp\/v2\/tags?post=288266"}],"curies":[{"name":"wp","href":"https:\/\/api.w.org\/{rel}","templated":true}]}}