{"id":288267,"date":"2025-08-01T05:10:41","date_gmt":"2025-08-01T05:10:41","guid":{"rendered":"https:\/\/www.europesays.com\/fr\/288267\/"},"modified":"2025-08-01T05:10:41","modified_gmt":"2025-08-01T05:10:41","slug":"une-nouvelle-zone-rencontre-dans-le-centre-ville-de-cette-commune-de-loire-atlantique","status":"publish","type":"post","link":"https:\/\/www.europesays.com\/fr\/288267\/","title":{"rendered":"Une nouvelle \u00abzone rencontre\u00bb dans le centre-ville de cette commune de Loire-Atlantique"},"content":{"rendered":"<p>Apaiser l\u2019hyper centre-ville de <a href=\"https:\/\/nantes.maville.com\/pays-de-la-loire\/loire-atlantique\/nort-sur-erdre\/\" target=\"_blank\" rel=\"noopener\">Nort-sur-Erdre<\/a> avec la\u00a0mise en place de la zone de rencontre.<\/p>\n<p>Dans la continuit\u00e9 du d\u00e9ploiement de l\u2019identit\u00e9 \u00ab\u00a0La Rue Marchante\u00a0\u00bb, les \u00e9lus de la municipalit\u00e9 ont d\u00e9cid\u00e9 d\u2019instaurer une zone de rencontre. Cela permettra d\u2019apaiser la circulation de l\u2019hyper centre-ville et de le rendre propice aux d\u00e9placements doux.<\/p>\n<p>La nouvelle r\u00e9glementation est donc d\u2019ores et d\u00e9j\u00e0 mise en vigueur<\/p>\n<p>Cette zone concerne une partie de la rue Aristide Briand, la rue de la Paix, une partie de la rue du G\u00e9n\u00e9ral Leclerc, la rue Meuris, la rue Notre-Dame, la place de l\u2019\u00c9glise et la rue de l\u2019\u00c9glise.<\/p>\n<p>La nouvelle signalisation a \u00e9t\u00e9 install\u00e9e lundi 28\u00a0juillet pour l\u2019indiquer \u00e0 tous les usagers de la rue.<\/p>\n<p>Une nouvelle r\u00e9glementation<\/p>\n<p>La nouvelle r\u00e9glementation est donc d\u2019ores et d\u00e9j\u00e0 mise en vigueur. La vitesse de tous les v\u00e9hicules est limit\u00e9e \u00e0 20\u00a0km\/h.<\/p>\n<p>Les pi\u00e9tons sont autoris\u00e9s \u00e0 d\u00e9ambuler sur la chauss\u00e9e, sans y stationner, et b\u00e9n\u00e9ficient d\u2019une priorit\u00e9 sur les v\u00e9hicules.<\/p>\n<p>Les passages pi\u00e9tons ne sont plus mat\u00e9rialis\u00e9s par le marquage au sol traditionnel (bandes blanches).<\/p>\n<p>\u00a0<\/p>\n","protected":false},"excerpt":{"rendered":"Apaiser l\u2019hyper centre-ville de Nort-sur-Erdre avec la\u00a0mise en place de la zone de rencontre. Dans la continuit\u00e9 du&hellip;\n","protected":false},"author":2,"featured_media":288268,"comment_status":"","ping_status":"","sticky":false,"template":"","format":"standard","meta":{"footnotes":""},"categories":[2818],"tags":[1111,11,11898,7052,1777,674,1011,27,3047,766,12,2043,2636,5486,25,8436],"class_list":{"0":"post-288267","1":"post","2":"type-post","3":"status-publish","4":"format-standard","5":"has-post-thumbnail","7":"category-nantes","8":"tag-actu","9":"tag-actualites","10":"tag-centre-ville","11":"tag-commune","12":"tag-eu","13":"tag-europe","14":"tag-fr","15":"tag-france","16":"tag-loire-atlantique","17":"tag-nantes","18":"tag-news","19":"tag-nouvelle","20":"tag-pays-de-la-loire","21":"tag-rencontre","22":"tag-republique-francaise","23":"tag-zone"},"share_on_mastodon":{"url":"https:\/\/pubeurope.com\/@fr\/114951790553916872","error":""},"_links":{"self":[{"href":"https:\/\/www.europesays.com\/fr\/wp-json\/wp\/v2\/posts\/288267","targetHints":{"allow":["GET"]}}],"collection":[{"href":"https:\/\/www.europesays.com\/fr\/wp-json\/wp\/v2\/posts"}],"about":[{"href":"https:\/\/www.europesays.com\/fr\/wp-json\/wp\/v2\/types\/post"}],"author":[{"embeddable":true,"href":"https:\/\/www.europesays.com\/fr\/wp-json\/wp\/v2\/users\/2"}],"replies":[{"embeddable":true,"href":"https:\/\/www.europesays.com\/fr\/wp-json\/wp\/v2\/comments?post=288267"}],"version-history":[{"count":0,"href":"https:\/\/www.europesays.com\/fr\/wp-json\/wp\/v2\/posts\/288267\/revisions"}],"wp:featuredmedia":[{"embeddable":true,"href":"https:\/\/www.europesays.com\/fr\/wp-json\/wp\/v2\/media\/288268"}],"wp:attachment":[{"href":"https:\/\/www.europesays.com\/fr\/wp-json\/wp\/v2\/media?parent=288267"}],"wp:term":[{"taxonomy":"category","embeddable":true,"href":"https:\/\/www.europesays.com\/fr\/wp-json\/wp\/v2\/categories?post=288267"},{"taxonomy":"post_tag","embeddable":true,"href":"https:\/\/www.europesays.com\/fr\/wp-json\/wp\/v2\/tags?post=288267"}],"curies":[{"name":"wp","href":"https:\/\/api.w.org\/{rel}","templated":true}]}}