{"id":288280,"date":"2025-08-01T05:17:32","date_gmt":"2025-08-01T05:17:32","guid":{"rendered":"https:\/\/www.europesays.com\/fr\/288280\/"},"modified":"2025-08-01T05:17:32","modified_gmt":"2025-08-01T05:17:32","slug":"posts-antisemites-enquete-le-point-sur-letudiante-gazaouie-viree-de-sciences-po-lille","status":"publish","type":"post","link":"https:\/\/www.europesays.com\/fr\/288280\/","title":{"rendered":"Posts antis\u00e9mites, enqu\u00eate\u2026 Le point sur l\u2019\u00e9tudiante gazaouie vir\u00e9e de Sciences Po Lille"},"content":{"rendered":"<p>Mercredi, l\u2019institut de sciences politiques de Lille a <a href=\"https:\/\/www.20minutes.fr\/justice\/4166024-20250730-lille-inscription-etudiante-gazaouie-sciences-po-annulee-apres-propos-internet?utm_content=link&amp;utm_term=20MinutesLille&amp;utm_campaign=nonli&amp;utm_source=facebook&amp;utm_medium=Social\" class=\"color-ultramarine c-link\" target=\"_blank\" rel=\"noopener\">annul\u00e9 l\u2019inscription d\u2019une \u00e9tudiante<\/a> originaire de <a href=\"https:\/\/www.20minutes.fr\/monde\/gaza\/\" class=\"color-ultramarine c-link\" target=\"_blank\" rel=\"noopener\">Gaza <\/a>qui devait commencer sa scolarit\u00e9 en septembre prochain. En cause, des posts sur les r\u00e9seaux sociaux attribu\u00e9s \u00e0 cette jeune femme appelant \u00e0 \u00ab\u00a0tuer des juifs\u00a0\u00bb.<\/p>\n<p>Cette affaire fait parler jusqu\u2019au gouvernement. Et elle prend d\u00e9sormais un tournant judiciaire apr\u00e8s que, ce jeudi matin, le parquet de Lille a annonc\u00e9 l\u2019ouverture d\u2019une enqu\u00eate \u00ab\u00a0pour apologie du terrorisme, apologie de crime contre l\u2019humanit\u00e9 avec utilisation d\u2019un service de communication au public en ligne\u00a0\u00bb.<\/p>\n<p>\u00ab\u00a0Susceptible d\u2019\u00eatre renvoy\u00e9e dans son pays\u00a0\u00bb<\/p>\n<p>\u00ab\u00a0Il y aura des poursuites qui seront engag\u00e9es et sur la base de ces \u00e9l\u00e9ments-l\u00e0, elle est susceptible d\u2019\u00eatre renvoy\u00e9e dans son pays, bien \u00e9videmment\u00a0\u00bb, a d\u00e9clar\u00e9 sur RMC Fran\u00e7ois-No\u00ebl Buffet, ministre aupr\u00e8s du ministre de l\u2019Int\u00e9rieur. Il a toutefois pr\u00e9cis\u00e9 que \u00ab\u00a0les services des titres de s\u00e9jour rel\u00e8vent du minist\u00e8re des Affaires \u00e9trang\u00e8res\u00a0\u00bb.<\/p>\n<\/p>\n<p>Dans le m\u00eame esprit, le ministre fran\u00e7ais des Affaires \u00e9trang\u00e8res, Jean-No\u00ebl Barrot, a affirm\u00e9 qu\u2019une \u00ab\u00a0\u00e9tudiante gazaouie tenant des propos antis\u00e9mites n\u2019a rien \u00e0 faire en France\u00a0\u00bb. Il a indiqu\u00e9 avoir \u00ab\u00a0demand\u00e9 \u00e0 ce qu\u2019une enqu\u00eate interne soit diligent\u00e9e pour que cela ne puisse en aucun cas se reproduire\u00a0\u00bb.<\/p>\n<p><a href=\"https:\/\/www.20minutes.fr\/monde\/gaza\/\" class=\"c-link c-btn c-btn--primary\" target=\"_blank\" rel=\"noopener\">Lire nos articles \u00e0 propos de Gaza<\/a><\/p>\n<p>M\u00eame son de cloche chez le ministre de l\u2019Int\u00e9rieur, Bruno Retailleau, qui a martel\u00e9 sur X que \u00ab\u00a0les propagandistes du Hamas n\u2019ont rien \u00e0 faire dans notre pays\u00a0\u00bb. Dans son sens, une source diplomatique fran\u00e7aise a assur\u00e9, ce jeudi, que l&rsquo;\u00e9tudiante gazaouie \u00ab a vocation \u00e0 quitter le territoire national \u00bb.<\/p>\n","protected":false},"excerpt":{"rendered":"Mercredi, l\u2019institut de sciences politiques de Lille a annul\u00e9 l\u2019inscription d\u2019une \u00e9tudiante originaire de Gaza qui devait commencer&hellip;\n","protected":false},"author":2,"featured_media":288281,"comment_status":"","ping_status":"","sticky":false,"template":"","format":"standard","meta":{"footnotes":""},"categories":[2815],"tags":[1111,47,11,6155,4081,1777,674,1011,27,665,811,1307,12,1308,1309,1306,25,5516,104],"class_list":{"0":"post-288280","1":"post","2":"type-post","3":"status-publish","4":"format-standard","5":"has-post-thumbnail","7":"category-lille","8":"tag-actu","9":"tag-actualite","10":"tag-actualites","11":"tag-antisemitisme","12":"tag-etudiant","13":"tag-eu","14":"tag-europe","15":"tag-fr","16":"tag-france","17":"tag-gaza","18":"tag-hauts-de-france","19":"tag-lille","20":"tag-news","21":"tag-nord","22":"tag-nord-pas-de-calais","23":"tag-regions","24":"tag-republique-francaise","25":"tag-sciences-po","26":"tag-societe"},"share_on_mastodon":{"url":"https:\/\/pubeurope.com\/@fr\/114951818133162314","error":""},"_links":{"self":[{"href":"https:\/\/www.europesays.com\/fr\/wp-json\/wp\/v2\/posts\/288280","targetHints":{"allow":["GET"]}}],"collection":[{"href":"https:\/\/www.europesays.com\/fr\/wp-json\/wp\/v2\/posts"}],"about":[{"href":"https:\/\/www.europesays.com\/fr\/wp-json\/wp\/v2\/types\/post"}],"author":[{"embeddable":true,"href":"https:\/\/www.europesays.com\/fr\/wp-json\/wp\/v2\/users\/2"}],"replies":[{"embeddable":true,"href":"https:\/\/www.europesays.com\/fr\/wp-json\/wp\/v2\/comments?post=288280"}],"version-history":[{"count":0,"href":"https:\/\/www.europesays.com\/fr\/wp-json\/wp\/v2\/posts\/288280\/revisions"}],"wp:featuredmedia":[{"embeddable":true,"href":"https:\/\/www.europesays.com\/fr\/wp-json\/wp\/v2\/media\/288281"}],"wp:attachment":[{"href":"https:\/\/www.europesays.com\/fr\/wp-json\/wp\/v2\/media?parent=288280"}],"wp:term":[{"taxonomy":"category","embeddable":true,"href":"https:\/\/www.europesays.com\/fr\/wp-json\/wp\/v2\/categories?post=288280"},{"taxonomy":"post_tag","embeddable":true,"href":"https:\/\/www.europesays.com\/fr\/wp-json\/wp\/v2\/tags?post=288280"}],"curies":[{"name":"wp","href":"https:\/\/api.w.org\/{rel}","templated":true}]}}