{"id":288289,"date":"2025-08-01T05:25:16","date_gmt":"2025-08-01T05:25:16","guid":{"rendered":"https:\/\/www.europesays.com\/fr\/288289\/"},"modified":"2025-08-01T05:25:16","modified_gmt":"2025-08-01T05:25:16","slug":"paris-terres-denvol-adopte-son-premier-plan-local-durbanisme-intercommunal","status":"publish","type":"post","link":"https:\/\/www.europesays.com\/fr\/288289\/","title":{"rendered":"Paris Terres d\u2019Envol adopte son premier Plan Local d\u2019Urbanisme Intercommunal"},"content":{"rendered":"<p class=\"p1\"><strong>Le 7 juillet 2025, apr\u00e8s quatre ann\u00e9es de travail, Paris Terres d\u2019Envol a officiellement adopt\u00e9 son premier Plan Local d\u2019Urbanisme Intercommunal (PLUi). Ce document strat\u00e9gique remplace les anciens PLU communaux et fixe les grandes r\u00e8gles d\u2019am\u00e9nagement et d\u2019utilisation des sols pour les 10 \u00e0 15 prochaines ann\u00e9es, sur les huit villes du territoire.<\/strong><\/p>\n<p class=\"p1\">Une carte interactive est disponible pour consulter les r\u00e8gles d\u2019urbanisme \u00e0 l\u2019\u00e9chelle de chaque parcelle.<\/p>\n<p class=\"p1\"><strong>&gt;&gt; Carte interactive (\u00c0 VENIR)<\/strong><\/p>\n<p>Pr\u00e9server le cadre de vie r\u00e9sidentiel<\/p>\n<p class=\"p1\">Avec pr\u00e8s de 30 % de son territoire occup\u00e9 par de l\u2019habitat pavillonnaire, Paris Terres d\u2019Envol choisit de prot\u00e9ger ce tissu urbain peu dense, porteur de fra\u00eecheur et de continuit\u00e9s \u00e9cologiques.<\/p>\n<p class=\"p1\"><strong>Les nouvelles r\u00e8gles incluent :<\/strong><\/p>\n<ul>\n<li class=\"p1\">L\u2019interdiction de divisions parcellaires et pavillonnaires en dessous d\u2019un certain seuil pour limiter la sp\u00e9culation et l\u2019habitat indigne<\/li>\n<li class=\"p1\">Une obligation de 45 % de pleine terre pour toute nouvelle construction<\/li>\n<li class=\"p1\">Des usages strictement r\u00e9sidentiels avec des commerces limit\u00e9s \u00e0 certaines zones identifi\u00e9es<\/li>\n<\/ul>\n<p>Un cap fort pour l\u2019environnement<\/p>\n<p class=\"p1\"><strong>Le PLUi int\u00e8gre des objectifs ambitieux pour accompagner la transition \u00e9cologique :<\/strong><\/p>\n<ul>\n<li class=\"p1\">Protection de 500 hectares de nature en ville<\/li>\n<li class=\"p1\">30 % de pleine terre minimum par projet<\/li>\n<li class=\"p1\">D\u00e9veloppement de l\u2019agriculture urbaine<\/li>\n<li class=\"p1\">Renforcement des trames vertes pour la continuit\u00e9 \u00e9cologique et protection des milieux aquatiques (zones inconstructibles autour des cours d\u2019eau)<\/li>\n<\/ul>\n<p class=\"p1\"><strong>Les nuisances (a\u00e9roportuaires, routi\u00e8res, g\u00e9otechniques&#8230;) sont aussi prises en compte gr\u00e2ce \u00e0 un encadrement sp\u00e9cifique des constructions<\/strong><\/p>\n<p>Soutenir l\u2019\u00e9conomie et l\u2019emploi<\/p>\n<p class=\"p1\"><strong>Avec ses deux a\u00e9roports internationaux et ses parcs d\u2019expositions, le territoire mise sur une attractivit\u00e9 \u00e9conomique renforc\u00e9e :<\/strong><\/p>\n<ul>\n<li class=\"p1\">27 zones d\u2019activit\u00e9s \u00e9conomiques strat\u00e9giques sont identifi\u00e9es, toutes exclues de l\u2019habitat.<\/li>\n<li class=\"p1\">Objectif : favoriser la cr\u00e9ation d\u2019emplois qualifi\u00e9s et la r\u00e9industrialisation.<\/li>\n<li class=\"p1\">Les r\u00e8gles encouragent la qualit\u00e9 architecturale, les services aux usagers et les performances environnementales.<\/li>\n<\/ul>\n<p>Une d\u00e9marche construite avec les habitants<\/p>\n<p class=\"p1\">Tout au long du processus, de nombreuses actions ont \u00e9t\u00e9 men\u00e9es pour associer la population : r\u00e9unions publiques, ateliers, balades urbaines, etc.<br \/>L\u2019enqu\u00eate publique a recueilli <strong>267 contributions<\/strong> qui ont permis d\u2019enrichir la version finale du document.<\/p>\n<p class=\"p1\"><strong><a href=\"https:\/\/www.paristerresdenvol.fr\/plui\" rel=\"nofollow noopener\" target=\"_blank\">&gt;&gt; En savoir plus<\/a><\/strong><\/p>\n","protected":false},"excerpt":{"rendered":"Le 7 juillet 2025, apr\u00e8s quatre ann\u00e9es de travail, Paris Terres d\u2019Envol a officiellement adopt\u00e9 son premier Plan&hellip;\n","protected":false},"author":2,"featured_media":288290,"comment_status":"","ping_status":"","sticky":false,"template":"","format":"standard","meta":{"footnotes":""},"categories":[1888],"tags":[1111,1928,11,1927,1777,674,1011,27,12,1926,626,1925,25],"class_list":{"0":"post-288289","1":"post","2":"type-post","3":"status-publish","4":"format-standard","5":"has-post-thumbnail","7":"category-paris","8":"tag-actu","9":"tag-actu-paris","10":"tag-actualites","11":"tag-actualites-paris","12":"tag-eu","13":"tag-europe","14":"tag-fr","15":"tag-france","16":"tag-news","17":"tag-news-paris","18":"tag-paris","19":"tag-paris-news","20":"tag-republique-francaise"},"share_on_mastodon":{"url":"https:\/\/pubeurope.com\/@fr\/114951849546497177","error":""},"_links":{"self":[{"href":"https:\/\/www.europesays.com\/fr\/wp-json\/wp\/v2\/posts\/288289","targetHints":{"allow":["GET"]}}],"collection":[{"href":"https:\/\/www.europesays.com\/fr\/wp-json\/wp\/v2\/posts"}],"about":[{"href":"https:\/\/www.europesays.com\/fr\/wp-json\/wp\/v2\/types\/post"}],"author":[{"embeddable":true,"href":"https:\/\/www.europesays.com\/fr\/wp-json\/wp\/v2\/users\/2"}],"replies":[{"embeddable":true,"href":"https:\/\/www.europesays.com\/fr\/wp-json\/wp\/v2\/comments?post=288289"}],"version-history":[{"count":0,"href":"https:\/\/www.europesays.com\/fr\/wp-json\/wp\/v2\/posts\/288289\/revisions"}],"wp:featuredmedia":[{"embeddable":true,"href":"https:\/\/www.europesays.com\/fr\/wp-json\/wp\/v2\/media\/288290"}],"wp:attachment":[{"href":"https:\/\/www.europesays.com\/fr\/wp-json\/wp\/v2\/media?parent=288289"}],"wp:term":[{"taxonomy":"category","embeddable":true,"href":"https:\/\/www.europesays.com\/fr\/wp-json\/wp\/v2\/categories?post=288289"},{"taxonomy":"post_tag","embeddable":true,"href":"https:\/\/www.europesays.com\/fr\/wp-json\/wp\/v2\/tags?post=288289"}],"curies":[{"name":"wp","href":"https:\/\/api.w.org\/{rel}","templated":true}]}}