{"id":288305,"date":"2025-08-01T05:33:14","date_gmt":"2025-08-01T05:33:14","guid":{"rendered":"https:\/\/www.europesays.com\/fr\/288305\/"},"modified":"2025-08-01T05:33:14","modified_gmt":"2025-08-01T05:33:14","slug":"aide-a-gaza-les-ministres-des-affaires-etrangeres-francais-britannique-et-allemand-envisagent-une-visite-en-israel","status":"publish","type":"post","link":"https:\/\/www.europesays.com\/fr\/288305\/","title":{"rendered":"Aide \u00c0 Gaza : Les Ministres Des Affaires \u00c9trang\u00e8res Fran\u00e7ais, Britannique Et Allemand Envisagent Une Visite En Isra\u00ebl"},"content":{"rendered":"<p class=\"\" data-is=\"component-paragraph\">Le chancelier allemand Friedrich Merz a annonc\u00e9 que les ministres des Affaires \u00e9trang\u00e8res de France, du Royaume-Uni et d\u2019Allemagne vont se rendre en Isra\u00ebl d\u00e8s jeudi prochain pour faire pression sur la crise humanitaire \u00e0 Gaza. Lors d\u2019une conf\u00e9rence de presse \u00e0 Berlin aux c\u00f4t\u00e9s du roi Abdallah II de Jordanie, Merz a d\u00e9clar\u00e9 : \u00ab Nous envisageons de demander aux trois ministres de se rendre ensemble en Isra\u00ebl pour pr\u00e9senter la position des trois gouvernements. \u00bb<\/p>\n<p class=\"\" data-is=\"component-paragraph\">Merz a \u00e9galement r\u00e9v\u00e9l\u00e9 que deux avions A400M allemands sont en route vers la Jordanie pour acheminer de l\u2019aide humanitaire \u00e0 Gaza d\u00e8s mercredi, en coordination avec la France et l\u2019Allemagne. \u00ab Ces vols, pr\u00e9vus au plus tard ce week-end, ne repr\u00e9senteront qu\u2019une petite contribution \u00e0 l\u2019aide humanitaire, mais ils envoient un signal fort : nous sommes pr\u00e9sents dans la r\u00e9gion \u00bb, a-t-il soulign\u00e9.<\/p>\n<p class=\"\" data-is=\"component-paragraph\">Le chancelier a salu\u00e9 les premi\u00e8res mesures prises par Isra\u00ebl pour permettre l\u2019entr\u00e9e d\u2019aide, tout en insistant sur la n\u00e9cessit\u00e9 d\u2019actions suppl\u00e9mentaires. Cette initiative intervient alors que la pression internationale s\u2019intensifie face \u00e0 la situation humanitaire \u00e0 Gaza.\u00a0<\/p>\n","protected":false},"excerpt":{"rendered":"Le chancelier allemand Friedrich Merz a annonc\u00e9 que les ministres des Affaires \u00e9trang\u00e8res de France, du Royaume-Uni et&hellip;\n","protected":false},"author":2,"featured_media":101151,"comment_status":"","ping_status":"","sticky":false,"template":"","format":"standard","meta":{"footnotes":""},"categories":[1587],"tags":[11,672,1804,1805,1803,1777,674,1801,12,1802],"class_list":{"0":"post-288305","1":"post","2":"type-post","3":"status-publish","4":"format-standard","5":"has-post-thumbnail","7":"category-allemagne","8":"tag-actualites","9":"tag-allemagne","10":"tag-bundesrepublik-deutschland","11":"tag-de","12":"tag-deutschland","13":"tag-eu","14":"tag-europe","15":"tag-germany","16":"tag-news","17":"tag-republique-federale-dallemagne"},"share_on_mastodon":{"url":"https:\/\/pubeurope.com\/@fr\/114951880944660089","error":""},"_links":{"self":[{"href":"https:\/\/www.europesays.com\/fr\/wp-json\/wp\/v2\/posts\/288305","targetHints":{"allow":["GET"]}}],"collection":[{"href":"https:\/\/www.europesays.com\/fr\/wp-json\/wp\/v2\/posts"}],"about":[{"href":"https:\/\/www.europesays.com\/fr\/wp-json\/wp\/v2\/types\/post"}],"author":[{"embeddable":true,"href":"https:\/\/www.europesays.com\/fr\/wp-json\/wp\/v2\/users\/2"}],"replies":[{"embeddable":true,"href":"https:\/\/www.europesays.com\/fr\/wp-json\/wp\/v2\/comments?post=288305"}],"version-history":[{"count":0,"href":"https:\/\/www.europesays.com\/fr\/wp-json\/wp\/v2\/posts\/288305\/revisions"}],"wp:featuredmedia":[{"embeddable":true,"href":"https:\/\/www.europesays.com\/fr\/wp-json\/wp\/v2\/media\/101151"}],"wp:attachment":[{"href":"https:\/\/www.europesays.com\/fr\/wp-json\/wp\/v2\/media?parent=288305"}],"wp:term":[{"taxonomy":"category","embeddable":true,"href":"https:\/\/www.europesays.com\/fr\/wp-json\/wp\/v2\/categories?post=288305"},{"taxonomy":"post_tag","embeddable":true,"href":"https:\/\/www.europesays.com\/fr\/wp-json\/wp\/v2\/tags?post=288305"}],"curies":[{"name":"wp","href":"https:\/\/api.w.org\/{rel}","templated":true}]}}