{"id":288327,"date":"2025-08-01T05:48:11","date_gmt":"2025-08-01T05:48:11","guid":{"rendered":"https:\/\/www.europesays.com\/fr\/288327\/"},"modified":"2025-08-01T05:48:11","modified_gmt":"2025-08-01T05:48:11","slug":"on-a-tente-de-nous-effacer-laurent-heritier-de-louis-de-funes-sort-de-lombre-et-repond-aux-tensions","status":"publish","type":"post","link":"https:\/\/www.europesays.com\/fr\/288327\/","title":{"rendered":"\u00ab\u00a0On a tent\u00e9 de nous effacer\u00a0\u00bb : Laurent, h\u00e9ritier de Louis de Fun\u00e8s, sort de l&rsquo;ombre et r\u00e9pond aux tensions"},"content":{"rendered":"<p>      R\u00e9sum\u00e9<\/p>\n<p>Laurent, petit-fils de Louis de Fun\u00e8s, \u00e9voque son parcours personnel complexe entre rejet et acceptation de son h\u00e9ritage familial marqu\u00e9 par des tensions et attentes fortes.<\/p>\n<p>        Sommaire<\/p>\n<p>Ce 31 juillet 2025 marque le 111\u1d49 anniversaire de <a href=\"https:\/\/www.public.fr\/cest-le-metier-qui-la-tue-louis-de-funes-nouvelle-declaration-choc-de-son-petit-fils\" target=\"_blank\" rel=\"noopener\"><strong>Louis de Fun\u00e8s<\/strong><\/a>, l\u00e9gende incontest\u00e9e du cin\u00e9ma fran\u00e7ais.<\/p>\n<p>Pour l&rsquo;occasion, son petit-fils <a href=\"https:\/\/www.instagram.com\/laurentdefunes\/?hl=fr\" target=\"_blank\" rel=\"noopener\"><strong>Laurent<\/strong><\/a> a accord\u00e9 une interview exclusive \u00e0 nos confr\u00e8res de Purepeople. <strong>Longtemps distant de ce patronyme prestigieux, il affirme aujourd&rsquo;hui assumer pleinement son h\u00e9ritage.<\/strong> <\/p>\n<p>Laurent de Fun\u00e8s : \u00ab\u00a0J&rsquo;en avais marre de vivre dans son ombre\u00a0\u00bb<\/p>\n<p>\u00ab\u00a0Longtemps, j\u2019ai rejet\u00e9 ce nom. Je l\u2019ai mis de c\u00f4t\u00e9, presque oubli\u00e9. Parce que \u00e7a pesait\u00a0\u00bb, a-t-il confi\u00e9. Mais au-del\u00e0 du poids de ce fardeau, les tensions familiales ont \u00e9galement jou\u00e9 un r\u00f4le important dans ce mal-\u00eatre. \u00ab\u00a0<strong>On a tent\u00e9 de nous effacer. Pendant trente ans,\u00a0on a voulu que la branche a\u00een\u00e9e \u2014 la mienne \u2014 soit invisible.<\/strong> \u00c7a a \u00e9t\u00e9 dur. Et puis j\u2019en avais marre qu\u2019on me parle de lui, marre de vivre dans son ombre\u00a0\u00bb. <\/p>\n<p>Au fil des ann\u00e9es, Laurent de Fun\u00e8s a finalement r\u00e9ussi \u00e0 d\u00e9passer ses r\u00e9ticences et accepte d\u00e9sormais son identit\u00e9 familiale : \u00ab\u00a0<strong>Avec le temps, certaines paroles m\u2019ont rattrap\u00e9<\/strong>. Mon grand-p\u00e8re m\u2019avait dit un jour :\u00a0&lsquo;Il faudra que tu acceptes un jour d\u2019\u00eatre qui tu es.&rsquo;\u00a0Cette phrase, longtemps mise de c\u00f4t\u00e9, m\u2019est revenue r\u00e9cemment avec force.\u00a0\u00bb<\/p>\n<p><strong>Victoria Abril a d&rsquo;ailleurs jou\u00e9 un r\u00f4le pr\u00e9cieux dans cette acceptation.<\/strong> \u00ab\u00a0On travaillait sur un projet ensemble. Je lui ai dit :\u00a0&lsquo;Si tu pr\u00e9f\u00e8res, je peux changer de nom au g\u00e9n\u00e9rique.&rsquo;\u00a0Elle m\u2019a dit :\u00a0&lsquo;Mais t\u2019es compl\u00e8tement malade ! Tu portes un nom g\u00e9nial, assume-le !&rsquo;\u00a0Elle m\u2019a r\u00e9veill\u00e9\u00a0\u00bb, a-t-il pr\u00e9cis\u00e9. <\/p>\n<p>Un nom qui \u00ab\u00a0suscite des attentes\u00a0\u00bb<\/p>\n<p>Pour autant, le petit-fils de Laurent de Fun\u00e8s reste persuad\u00e9 que son \u00ab\u00a0nom suscite des attentes, des fantasmes\u00a0\u00bb. \u00ab\u00a0<strong>On projette \u00e9norm\u00e9ment de choses sur moi, parfois sans m\u00eame m\u2019avoir vu jouer.<\/strong> Il y a ceux qui pensent que tout m\u2019est offert, d\u2019autres qui imaginent que je fais du Louis de Fun\u00e8s. Alors que non, je suis moi, avec mon propre ton.\u00a0Le plus compliqu\u00e9, c\u2019est d\u2019\u00eatre pris au s\u00e9rieux pour ce que je fais moi. C\u2019est aussi pour \u00e7a que j\u2019ai longtemps voulu mettre de c\u00f4t\u00e9 mon nom.\u00a0\u00bb<\/p>\n<p>S&rsquo;il a longtemps \u00e9t\u00e9 frein\u00e9 par ses propres doutes, Laurent de Fun\u00e8s aspire d\u00e9sormais \u00e0 avancer sans crainte. Un nouveau d\u00e9part encourag\u00e9 par un public particuli\u00e8rement r\u00e9ceptif. <\/p>\n<p>      Mentionn\u00e9s dans cet article<\/p>\n<p>      Sur le m\u00eame sujet<\/p>\n<p>  <script async src=\"\/\/www.instagram.com\/embed.js\"><\/script><\/p>\n","protected":false},"excerpt":{"rendered":"R\u00e9sum\u00e9 Laurent, petit-fils de Louis de Fun\u00e8s, \u00e9voque son parcours personnel complexe entre rejet et acceptation de son&hellip;\n","protected":false},"author":2,"featured_media":288328,"comment_status":"","ping_status":"","sticky":false,"template":"","format":"standard","meta":{"footnotes":""},"categories":[1359],"tags":[58,59,652,1011,27,22175,973],"class_list":{"0":"post-288327","1":"post","2":"type-post","3":"status-publish","4":"format-standard","5":"has-post-thumbnail","7":"category-people","8":"tag-divertissement","9":"tag-entertainment","10":"tag-famille","11":"tag-fr","12":"tag-france","13":"tag-louis-de-funes","14":"tag-people"},"share_on_mastodon":{"url":"https:\/\/pubeurope.com\/@fr\/114951939869330789","error":""},"_links":{"self":[{"href":"https:\/\/www.europesays.com\/fr\/wp-json\/wp\/v2\/posts\/288327","targetHints":{"allow":["GET"]}}],"collection":[{"href":"https:\/\/www.europesays.com\/fr\/wp-json\/wp\/v2\/posts"}],"about":[{"href":"https:\/\/www.europesays.com\/fr\/wp-json\/wp\/v2\/types\/post"}],"author":[{"embeddable":true,"href":"https:\/\/www.europesays.com\/fr\/wp-json\/wp\/v2\/users\/2"}],"replies":[{"embeddable":true,"href":"https:\/\/www.europesays.com\/fr\/wp-json\/wp\/v2\/comments?post=288327"}],"version-history":[{"count":0,"href":"https:\/\/www.europesays.com\/fr\/wp-json\/wp\/v2\/posts\/288327\/revisions"}],"wp:featuredmedia":[{"embeddable":true,"href":"https:\/\/www.europesays.com\/fr\/wp-json\/wp\/v2\/media\/288328"}],"wp:attachment":[{"href":"https:\/\/www.europesays.com\/fr\/wp-json\/wp\/v2\/media?parent=288327"}],"wp:term":[{"taxonomy":"category","embeddable":true,"href":"https:\/\/www.europesays.com\/fr\/wp-json\/wp\/v2\/categories?post=288327"},{"taxonomy":"post_tag","embeddable":true,"href":"https:\/\/www.europesays.com\/fr\/wp-json\/wp\/v2\/tags?post=288327"}],"curies":[{"name":"wp","href":"https:\/\/api.w.org\/{rel}","templated":true}]}}