{"id":288333,"date":"2025-08-01T05:52:13","date_gmt":"2025-08-01T05:52:13","guid":{"rendered":"https:\/\/www.europesays.com\/fr\/288333\/"},"modified":"2025-08-01T05:52:13","modified_gmt":"2025-08-01T05:52:13","slug":"lechec-discret-de-starting-blok-lagence-dinfluence-de-booba","status":"publish","type":"post","link":"https:\/\/www.europesays.com\/fr\/288333\/","title":{"rendered":"L\u2019\u00e9chec discret de Starting Blok, l\u2019agence d\u2019influence de Booba"},"content":{"rendered":"<p>                     <img loading=\"lazy\" decoding=\"async\" class=\"picture--cover\" src=\"https:\/\/www.europesays.com\/fr\/wp-content\/uploads\/2025\/08\/327726f_upload-1-h1d0iftwtg8p-abaca-655264-019.jpg\"  width=\"640\" height=\"430\" alt=\"Photo\" title=\"\"\/>       Berzane Nasser \/ ABACA       <\/p>\n<p class=\"paywall--paraph\">\u00ab\u00a0On est l\u00e0 pour travailler, pour de la sueur, du sang. On y va pour mettre le chaos.\u00a0\u00bb Le 29\u00a0novembre\u00a02023, plusieurs centaines de personnes se pressent \u00e0 la soir\u00e9e de lancement de Starting Blok. Starting Blok\u00a0? \u00ab\u00a0L\u2019agence des talents artistes et sportifs urbains\u00a0\u00bb lanc\u00e9e par Booba et ses deux associ\u00e9es\u00a0: Claire Dabrowski, ancienne de Webedia, et Anne Cibron, la manageuse du rappeur. Arriv\u00e9 tout droit de Duba\u00ef, Booba encha\u00eene les selfies avec ses admirateurs. Et, \u00e0 propos de son nouveau projet, il d\u00e9clare au micro de <a href=\"https:\/\/x.com\/66Minutes\/status\/1731236838587978221\" target=\"_blank\" rel=\"noopener nofollow\" title=\"Nouvelle fen\u00eatre\">66 minutes<\/a>\u00a0: \u00ab\u00a0Je pense qu\u2019il y avait une demande, un besoin. On a fait tout l\u2019inverse des escroqueries, c\u2019est l\u2019anti culture du vide.\u00a0\u00bb<\/p>\n","protected":false},"excerpt":{"rendered":"Berzane Nasser \/ ABACA \u00ab\u00a0On est l\u00e0 pour travailler, pour de la sueur, du sang. On y va&hellip;\n","protected":false},"author":2,"featured_media":288334,"comment_status":"","ping_status":"","sticky":false,"template":"","format":"standard","meta":{"footnotes":""},"categories":[1355],"tags":[536,58,59,1011,27,2480,1361,873],"class_list":{"0":"post-288333","1":"post","2":"type-post","3":"status-publish","4":"format-standard","5":"has-post-thumbnail","7":"category-musique","8":"tag-communication","9":"tag-divertissement","10":"tag-entertainment","11":"tag-fr","12":"tag-france","13":"tag-influenceurs","14":"tag-music","15":"tag-musique"},"share_on_mastodon":{"url":"https:\/\/pubeurope.com\/@fr\/114951955805800607","error":""},"_links":{"self":[{"href":"https:\/\/www.europesays.com\/fr\/wp-json\/wp\/v2\/posts\/288333","targetHints":{"allow":["GET"]}}],"collection":[{"href":"https:\/\/www.europesays.com\/fr\/wp-json\/wp\/v2\/posts"}],"about":[{"href":"https:\/\/www.europesays.com\/fr\/wp-json\/wp\/v2\/types\/post"}],"author":[{"embeddable":true,"href":"https:\/\/www.europesays.com\/fr\/wp-json\/wp\/v2\/users\/2"}],"replies":[{"embeddable":true,"href":"https:\/\/www.europesays.com\/fr\/wp-json\/wp\/v2\/comments?post=288333"}],"version-history":[{"count":0,"href":"https:\/\/www.europesays.com\/fr\/wp-json\/wp\/v2\/posts\/288333\/revisions"}],"wp:featuredmedia":[{"embeddable":true,"href":"https:\/\/www.europesays.com\/fr\/wp-json\/wp\/v2\/media\/288334"}],"wp:attachment":[{"href":"https:\/\/www.europesays.com\/fr\/wp-json\/wp\/v2\/media?parent=288333"}],"wp:term":[{"taxonomy":"category","embeddable":true,"href":"https:\/\/www.europesays.com\/fr\/wp-json\/wp\/v2\/categories?post=288333"},{"taxonomy":"post_tag","embeddable":true,"href":"https:\/\/www.europesays.com\/fr\/wp-json\/wp\/v2\/tags?post=288333"}],"curies":[{"name":"wp","href":"https:\/\/api.w.org\/{rel}","templated":true}]}}