{"id":288345,"date":"2025-08-01T05:58:25","date_gmt":"2025-08-01T05:58:25","guid":{"rendered":"https:\/\/www.europesays.com\/fr\/288345\/"},"modified":"2025-08-01T05:58:25","modified_gmt":"2025-08-01T05:58:25","slug":"loperateur-se-separe-de-milliers-dantennes-pour-reduire-sa-dette-et-se-preparer-au-rachat","status":"publish","type":"post","link":"https:\/\/www.europesays.com\/fr\/288345\/","title":{"rendered":"l\u2019op\u00e9rateur se s\u00e9pare de milliers d\u2019antennes pour r\u00e9duire sa dette et se pr\u00e9parer au rachat"},"content":{"rendered":"<p>Alors que le flou autour d\u2019une \u00e9ventuelle vente de SFR continue d\u2019\u00eatre savamment entretenu, les agissements de la maison m\u00e8re de l\u2019op\u00e9rateur ne laissent pas de doute avec la volont\u00e9 de se s\u00e9parer de sa soci\u00e9t\u00e9 de gestion des antennes relais.<\/p>\n<p><a href=\"https:\/\/images.frandroid.com\/wp-content\/uploads\/2025\/06\/sfr-2.jpeg\" target=\"_blank\" class=\"article-content__figure\" rel=\"nofollow noopener\"><img fetchpriority=\"high\" decoding=\"async\" loading=\"eager\" width=\"1200\" height=\"800\" src=\"https:\/\/www.europesays.com\/fr\/wp-content\/uploads\/2025\/08\/sfr-2.jpeg\" alt=\"\" class=\"wp-image-2651001 wp-image wp-image\"  \/><\/a>Cr\u00e9dit : Frandroid<\/p>\n<p>SFR tente de se faire beau pour un \u00e9ventuel mariage. Voil\u00e0 des mois maintenant que <a href=\"https:\/\/www.frandroid.com\/marques\/sfr\/2619941_vente-de-sfr-prix-de-vente-repreneurs-potentiels-cession-totale-ou-partielle-ce-quil-faut-savoir-sur-le-rachat-de-loperateur\" rel=\"nofollow noopener\" target=\"_blank\">des rumeurs flottent autour de la cession de l\u2019op\u00e9rateur au carr\u00e9 rouge \u00e0 l\u2019un de ses concurrents<\/a>. Et si un responsable d\u2019Altice a r\u00e9cemment assur\u00e9 qu\u2019aucune vente n\u2019\u00e9tait en cours ou m\u00eame pr\u00e9vue, voil\u00e0 que l\u2019entreprise annonce \u00eatre rentr\u00e9e en n\u00e9gociation exclusive avec une firme \u00e9tasunienne pour acter la vente d\u2019Infracos, son entreprise de gestion des antennes relais.<\/p>\n<p>Une op\u00e9ration clairement et ouvertement pens\u00e9e pour renflouer un peu les caisses de l\u2019op\u00e9rateur \u00e0 un moment o\u00f9 les dettes de ce dernier semblent refroidir tous les \u00e9ventuels acheteurs, <a href=\"https:\/\/www.lemonde.fr\/economie\/article\/2025\/07\/30\/sfr-va-vendre-des-tours-telecoms-pour-reduire-sa-dette_6625559_3234.html\" target=\"_blank\" rel=\"noreferrer noopener nofollow\">note Le Monde<\/a>.<\/p>\n<p>                <img decoding=\"async\" width=\"1200\" height=\"446\" loading=\"lazy\" alt=\"Box Proton \u2013 Juillet 2025 (1)\" title=\"Box Proton \u2013 Juillet 2025 (1)\" class=\"is-radiusless placeholder-default wp-image\" src=\"https:\/\/www.europesays.com\/fr\/wp-content\/uploads\/2025\/07\/box-proton-juillet-2025-1-1200x446.jpg\" \/>            <\/p>\n<p>\n                    Un seul VPN. Des possibilit\u00e9s illimit\u00e9es.                <\/p>\n<p class=\"has-text-weight-medium is-size-6 is-line-height-normal\">\n                    Un streaming fluide o\u00f9 que vous soyez, une navigation ultra-rapide, un chiffrement avanc\u00e9 et un bloqueur de publicit\u00e9s et de logiciels malveillants. Le tout sur 10 appareils en m\u00eame temps.                <\/p>\n<p>Tout doit dispara\u00eetre<\/p>\n<p>D\u00e9tenu \u00e0 50\u00a0% par SFR et 50\u00a0% par Bouygues, <a href=\"https:\/\/www.frandroid.com\/services\/operateurs-mobiles\/2622143_sfr-et-bouygues-se-debarrassent-de-leurs-tours-telecoms-en-zone-rurale-faut-il-sinquieter-pour-son-reseau-mobile\" rel=\"nofollow noopener\" target=\"_blank\">Infracos g\u00e8re 3700 et quelques antennes relais partout en France<\/a>. Une telle vente devrait rapporter au groupe de Patrick Drahi la bagatelle de 480\u00a0millions d\u2019euros. De quoi \u00e9ponger une partie de la dette de 24\u00a0milliards d\u2019euros que SFR a accumul\u00e9e ces derni\u00e8res ann\u00e9es.<\/p>\n<p>Le timing n\u2019est pas compl\u00e8tement anodin puisque, <a href=\"https:\/\/www.lemonde.fr\/economie\/article\/2025\/07\/29\/orange-affirme-que-la-reduction-de-la-dette-de-sfr-constitue-un-imperatif-pour-envisager-une-consolidation-des-telecoms-en-france_6625262_3234.html\" target=\"_blank\" rel=\"noreferrer noopener nofollow\">quelques jours avant cette annonce<\/a>, la directrice d\u2019Orange France expliquait qu\u2019un \u00e9ventuel retour \u00e0 trois op\u00e9rateurs ne pouvait s\u2019envisager que si Altice menait \u00e0 bien son processus de restructuration de la dette. Christel Heydemann glissait au passage que des \u00ab\u2009discussions pr\u00e9liminaires\u2009\u00bb \u00e9taient en cours entre les op\u00e9rateurs pour pr\u00e9parer un \u00e9ventuel rachat des actifs de SFR.<\/p>\n<p><a href=\"https:\/\/images.frandroid.com\/wp-content\/uploads\/2025\/07\/dfe5bd-8bb453a2fad34f5da4af8159ffc332ddmv2.avif\" target=\"_blank\" class=\"article-content__figure\" rel=\"nofollow noopener\"><img loading=\"lazy\" decoding=\"async\" width=\"1200\" height=\"471\" src=\"https:\/\/www.europesays.com\/fr\/wp-content\/uploads\/2025\/08\/dfe5bd-8bb453a2fad34f5da4af8159ffc332ddmv2-1200x471.jpg\" alt=\"\" class=\"wp-image-2749683 wp-image\"  \/><\/a>Cr\u00e9dit : Infracos<\/p>\n<p>Difficile de ne pas voir dans la cession d\u2019Infracos un petit coup de maquillage pour para\u00eetre plus pr\u00e9sentable aupr\u00e8s d\u2019un \u00e9ventuel acheteur. Surtout que cela fait suite \u00e0 la vente d\u2019Altice Media (BFM, RMC), mais aussi et surtout d\u2019une partie de ses centres de donn\u00e9es et <a href=\"https:\/\/www.frandroid.com\/marques\/sfr\/2628927_le-groupe-altice-met-en-vente-un-de-ses-joyaux-avant-la-cession-de-sfr-7-millions-de-prises-fibre-cherchent-repreneur\" rel=\"nofollow noopener\" target=\"_blank\">de sa filiale responsable du raccordement fibre optique<\/a>.<\/p>\n<p>Suspens jusqu\u2019au 4 ao\u00fbt<\/p>\n<p>Si Orange, Bouygues et Free ont signal\u00e9 leur int\u00e9r\u00eat pour r\u00e9cup\u00e9rer une partie des 20\u00a0millions et quelques d\u2019abonn\u00e9s SFR, une telle vente \u00e0 la d\u00e9coupe n\u2019est pas certaine de se faire. En effet, <a href=\"https:\/\/www.frandroid.com\/marques\/sfr\/2619941_vente-de-sfr-prix-de-vente-repreneurs-potentiels-cession-totale-ou-partielle-ce-quil-faut-savoir-sur-le-rachat-de-loperateur\" rel=\"nofollow noopener\" target=\"_blank\">Altice est suspendu \u00e0 la d\u00e9cision du tribunal des activit\u00e9s \u00e9conomiques de Paris<\/a> pour savoir si son plan de restructuration de la dette (qui verrait des fonds d\u2019investissement effacer une partie de l\u2019ardoise de l\u2019entreprise contre 45\u00a0% du capital de la firme) pourra \u00eatre men\u00e9 \u00e0 bien.<\/p>\n<p class=\"shortcode-container see-more\">\n    Pour aller plus loin<br \/><a href=\"https:\/\/www.frandroid.com\/marques\/sfr\/2627141_il-ny-a-pas-de-chiffre-magique-la-vente-de-sfr-et-le-retour-a-3-operateurs-pourraient-ils-passer-aupres-des-autorites\" rel=\"nofollow noopener\" target=\"_blank\">\u00ab\u2009Il n\u2019y a pas de chiffre magique\u2009\u00bb\u00a0: la vente de SFR et le retour \u00e0 3\u00a0op\u00e9rateurs pourraient-ils passer aupr\u00e8s des autorit\u00e9s\u2009?<\/a>\n            <\/p>\n<p>La d\u00e9cision interviendra le 4\u00a0ao\u00fbt prochain. D\u2019ici l\u00e0, les sp\u00e9culations pourront continuer d\u2019aller de bon train.<\/p>\n","protected":false},"excerpt":{"rendered":"Alors que le flou autour d\u2019une \u00e9ventuelle vente de SFR continue d\u2019\u00eatre savamment entretenu, les agissements de la&hellip;\n","protected":false},"author":2,"featured_media":288346,"comment_status":"","ping_status":"","sticky":false,"template":"","format":"standard","meta":{"footnotes":""},"categories":[6],"tags":[42728,35,33,34,1011,27,740,4100],"class_list":{"0":"post-288345","1":"post","2":"type-post","3":"status-publish","4":"format-standard","5":"has-post-thumbnail","7":"category-economie","8":"tag-altice","9":"tag-business","10":"tag-economie","11":"tag-economy","12":"tag-fr","13":"tag-france","14":"tag-sfr","15":"tag-vente"},"share_on_mastodon":{"url":"https:\/\/pubeurope.com\/@fr\/114951979723093127","error":""},"_links":{"self":[{"href":"https:\/\/www.europesays.com\/fr\/wp-json\/wp\/v2\/posts\/288345","targetHints":{"allow":["GET"]}}],"collection":[{"href":"https:\/\/www.europesays.com\/fr\/wp-json\/wp\/v2\/posts"}],"about":[{"href":"https:\/\/www.europesays.com\/fr\/wp-json\/wp\/v2\/types\/post"}],"author":[{"embeddable":true,"href":"https:\/\/www.europesays.com\/fr\/wp-json\/wp\/v2\/users\/2"}],"replies":[{"embeddable":true,"href":"https:\/\/www.europesays.com\/fr\/wp-json\/wp\/v2\/comments?post=288345"}],"version-history":[{"count":0,"href":"https:\/\/www.europesays.com\/fr\/wp-json\/wp\/v2\/posts\/288345\/revisions"}],"wp:featuredmedia":[{"embeddable":true,"href":"https:\/\/www.europesays.com\/fr\/wp-json\/wp\/v2\/media\/288346"}],"wp:attachment":[{"href":"https:\/\/www.europesays.com\/fr\/wp-json\/wp\/v2\/media?parent=288345"}],"wp:term":[{"taxonomy":"category","embeddable":true,"href":"https:\/\/www.europesays.com\/fr\/wp-json\/wp\/v2\/categories?post=288345"},{"taxonomy":"post_tag","embeddable":true,"href":"https:\/\/www.europesays.com\/fr\/wp-json\/wp\/v2\/tags?post=288345"}],"curies":[{"name":"wp","href":"https:\/\/api.w.org\/{rel}","templated":true}]}}