{"id":288349,"date":"2025-08-01T06:00:15","date_gmt":"2025-08-01T06:00:15","guid":{"rendered":"https:\/\/www.europesays.com\/fr\/288349\/"},"modified":"2025-08-01T06:00:15","modified_gmt":"2025-08-01T06:00:15","slug":"bruno-retailleau-annonce-des-poursuites-contre-la-deputee-lfi-gabrielle-cathala","status":"publish","type":"post","link":"https:\/\/www.europesays.com\/fr\/288349\/","title":{"rendered":"Bruno Retailleau annonce des poursuites contre la d\u00e9put\u00e9e LFI Gabrielle Cathala"},"content":{"rendered":"<p>L\u2019\u00e9lue m\u00e9lenchoniste a estim\u00e9 sue RMC que des personnes \u00abne vont pas porter plainte parce qu\u2019elles savent qu\u2019elles ne seront s\u00fbrement pas \u00e9cout\u00e9es\u00bb.<\/p>\n<p class=\"fig-paragraph\">La sortie de Gabrielle Cathala n\u2019est pas pass\u00e9e inaper\u00e7ue. Au lendemain de l\u2019interview de la d\u00e9put\u00e9e LFI sur RMC, o\u00f9 elle a d\u00e9nonc\u00e9 un \u00abun racisme g\u00e9n\u00e9ralis\u00e9\u00bb au sein de la police, ce qui emp\u00eacherait \u00ables gens de signaler les discriminations dont ils sont victimes\u00bb et \u00abd\u2019aller porter plainte parce qu\u2019ils savent qu\u2019ils ne seront probablement pas \u00e9cout\u00e9s\u00bb &#8211; entra\u00eenant selon elle une \u00absous-\u00e9valuation\u00bb des actes racistes &#8211; le ministre de l\u2019Int\u00e9rieur\u00a0<a href=\"http:\/\/www.lefigaro.fr\/politique\/les-republicains-encouragent-bruno-retailleau-a-maintenir-la-pression-sur-emmanuel-macron-20250724\" data-fig-type=\"Article\" data-gtm-custom-categorie=\"navigation\" data-gtm-custom-action=\"crossclick\" data-gtm-custom-label=\"Contextuel\" data-gtm-event=\"customEventSPE\" data-fig-domain=\"LEFIGARO\" target=\"_blank\" rel=\"noopener\">Bruno Retailleau\u00a0<\/a>a vivement r\u00e9agi.<\/p>\n<p class=\"fig-paragraph\">Ce jeudi soir, il a annonc\u00e9 sur X des poursuites en justice contre l\u2019\u00e9lue m\u00e9lenchoniste \u00abau nom\u00bb, dit-il, \u00abde tous les policiers de France, pour ces propos inacceptables\u00bb. Fid\u00e8le \u00e0 sa position de fermet\u00e9 \u00e0 l\u2019encontre de La France Insoumise (LFI), qu\u2019il avait d\u00e9sign\u00e9e, mi-juillet dans les colonnes du\u00a0<a href=\"http:\/\/www.lefigaro.fr\/politique\/en-2027-je-ferai-tout-pour-faire-gagner-la-droite-budget-immigration-sansal-algerie-le-grand-entretien-de-bruno-retailleau-au-figaro-20250718\" data-fig-type=\"Article\" data-gtm-custom-categorie=\"navigation\" data-gtm-custom-action=\"crossclick\" data-gtm-custom-label=\"Contextuel\" data-gtm-event=\"customEventSPE\" data-fig-domain=\"LEFIGARO\" target=\"_blank\" rel=\"noopener\">Figaro,\u00a0<\/a>comme la \u00abpire menace politique aujourd\u2019hui\u00bb qui \u00abfranchit toutes les limites de ce qui est acceptable\u00bb, l\u2019h\u00f4te de la place Beauvau assure qu\u2019il ne compte \u00abrien laisser passer\u00bb.<\/p>\n<p>                                    <a class=\"fig-a11y-skip a11y-hidden\" href=\"#fig-a11y-skip-main-inarticle\"><br \/>\n        Passer la publicit\u00e9<br \/>\n    <\/a><\/p>\n<p class=\"fig-paragraph\">Si Bruno Retailleau n\u2019y fait pas r\u00e9f\u00e9rence dans son tweet, une autre petite phrase de l\u2019Insoumise a provoqu\u00e9 l\u2019indignation. De retour en France depuis le d\u00e9but de semaine apr\u00e8s avoir tent\u00e9, en vain, de rejoindre la bande de Gaza \u00e0 bord du navire Handala &#8211; dans l\u2019objectif de briser le blocus impos\u00e9 par Isra\u00ebl -, Gabrielle Cathala a affirm\u00e9 que \u00ables Palestiniens ont le droit de choisir le Hamas, s\u2019ils veulent choisir le Hamas\u00bb. Et ce, en d\u00e9pit des attaques du 7 octobre 2023, qui ont caus\u00e9 pr\u00e8s de 1200 morts c\u00f4t\u00e9 isra\u00e9lien. Une prise de position qui semble \u00e9galement faire fi du caract\u00e8re djihadiste, voire terroriste selon de nombreux pays, de cette organisation islamiste, dont la charte fondatrice de 1988 revendique clairement l\u2019\u00e9radication de l\u2019\u00c9tat d\u2019Isra\u00ebl.<\/p>\n","protected":false},"excerpt":{"rendered":"L\u2019\u00e9lue m\u00e9lenchoniste a estim\u00e9 sue RMC que des personnes \u00abne vont pas porter plainte parce qu\u2019elles savent qu\u2019elles&hellip;\n","protected":false},"author":2,"featured_media":288350,"comment_status":"","ping_status":"","sticky":false,"template":"","format":"standard","meta":{"footnotes":""},"categories":[4],"tags":[11,1013,1011,27,2338,12,6890,25],"class_list":{"0":"post-288349","1":"post","2":"type-post","3":"status-publish","4":"format-standard","5":"has-post-thumbnail","7":"category-france","8":"tag-actualites","9":"tag-bruno-retailleau","10":"tag-fr","11":"tag-france","12":"tag-la-france-insoumise","13":"tag-news","14":"tag-policiers","15":"tag-republique-francaise"},"share_on_mastodon":{"url":"https:\/\/pubeurope.com\/@fr\/114951987141476152","error":""},"_links":{"self":[{"href":"https:\/\/www.europesays.com\/fr\/wp-json\/wp\/v2\/posts\/288349","targetHints":{"allow":["GET"]}}],"collection":[{"href":"https:\/\/www.europesays.com\/fr\/wp-json\/wp\/v2\/posts"}],"about":[{"href":"https:\/\/www.europesays.com\/fr\/wp-json\/wp\/v2\/types\/post"}],"author":[{"embeddable":true,"href":"https:\/\/www.europesays.com\/fr\/wp-json\/wp\/v2\/users\/2"}],"replies":[{"embeddable":true,"href":"https:\/\/www.europesays.com\/fr\/wp-json\/wp\/v2\/comments?post=288349"}],"version-history":[{"count":0,"href":"https:\/\/www.europesays.com\/fr\/wp-json\/wp\/v2\/posts\/288349\/revisions"}],"wp:featuredmedia":[{"embeddable":true,"href":"https:\/\/www.europesays.com\/fr\/wp-json\/wp\/v2\/media\/288350"}],"wp:attachment":[{"href":"https:\/\/www.europesays.com\/fr\/wp-json\/wp\/v2\/media?parent=288349"}],"wp:term":[{"taxonomy":"category","embeddable":true,"href":"https:\/\/www.europesays.com\/fr\/wp-json\/wp\/v2\/categories?post=288349"},{"taxonomy":"post_tag","embeddable":true,"href":"https:\/\/www.europesays.com\/fr\/wp-json\/wp\/v2\/tags?post=288349"}],"curies":[{"name":"wp","href":"https:\/\/api.w.org\/{rel}","templated":true}]}}