{"id":288372,"date":"2025-08-01T06:17:16","date_gmt":"2025-08-01T06:17:16","guid":{"rendered":"https:\/\/www.europesays.com\/fr\/288372\/"},"modified":"2025-08-01T06:17:16","modified_gmt":"2025-08-01T06:17:16","slug":"lalsace-en-24h-chrono-a-17h-remue-meninges-a-schiltigheim-ou-les-retraites-jouent-aux-grosses-tetes","status":"publish","type":"post","link":"https:\/\/www.europesays.com\/fr\/288372\/","title":{"rendered":"L\u2019Alsace en 24h chrono. \u00c0 17h, remue-m\u00e9ninges \u00e0 Schiltigheim o\u00f9 les retrait\u00e9s jouent aux Grosses t\u00eates"},"content":{"rendered":"<p>La rue du Ch\u00e2teau-d\u2019Angleterre \u00e0 Schiltigheim semble fig\u00e9e. Pas une voiture, pas un passant. Il est 17\u00a0h, le soleil cogne sur les baies vitr\u00e9es de la r\u00e9sidence de l\u2019Aar. La terrasse est d\u00e9serte\u00a0: aucun r\u00e9sident n\u2019a os\u00e9 affronter la chaleur.<\/p>\n<p>\u00c0 l\u2019int\u00e9rieur, un calme feutr\u00e9 enveloppe le rez-de-chauss\u00e9e. L\u2019animation se concentre au deuxi\u00e8me \u00e9tage. L\u2019ascenseur s\u2019ouvre et d\u00e9j\u00e0 une voix puissante et articul\u00e9e \u2013 un m\u00e9lange inattendu entre Julien Lepers et Philippe Bouvard \u2014 \u00e9clate\u00a0: \u00ab\u00a0Je suis la crotte de cerf et je sors de la chemin\u00e9e en hiver, qui suis-je\u00a0?\u00a0\u00bb Le couloir beige, o\u00f9 les menus de la semaine rivalisent avec des fleurs en bouchons de bouteille, r\u00e9sonne d\u2019un \u00e9clat de rire.<\/p>\n<p>De l\u2019histoire \u00e0 la g\u00e9ographie, en passant par les animaux<\/p>\n<p>Dans la salle de r\u00e9ception, une quarantaine de r\u00e9sidents, assis sur des chaises ou en fauteuil, forment un large cercle. Les tables et leurs bouquets de fleurs artificielles ont \u00e9t\u00e9 repouss\u00e9s pour faire&#8230;<\/p>\n","protected":false},"excerpt":{"rendered":"La rue du Ch\u00e2teau-d\u2019Angleterre \u00e0 Schiltigheim semble fig\u00e9e. Pas une voiture, pas un passant. Il est 17\u00a0h, le&hellip;\n","protected":false},"author":2,"featured_media":288373,"comment_status":"","ping_status":"","sticky":false,"template":"","format":"standard","meta":{"footnotes":""},"categories":[2820],"tags":[1111,11,2389,1687,1777,674,107,1011,27,5325,775,6225,12,25,41407,104,640],"class_list":{"0":"post-288372","1":"post","2":"type-post","3":"status-publish","4":"format-standard","5":"has-post-thumbnail","7":"category-strasbourg","8":"tag-actu","9":"tag-actualites","10":"tag-alsace","11":"tag-culture-loisirs","12":"tag-eu","13":"tag-europe","14":"tag-fil-info","15":"tag-fr","16":"tag-france","17":"tag-galerie-media","18":"tag-grand-est","19":"tag-la-matinale","20":"tag-news","21":"tag-republique-francaise","22":"tag-serie-dete","23":"tag-societe","24":"tag-strasbourg"},"share_on_mastodon":{"url":"https:\/\/pubeurope.com\/@fr\/114952054029191603","error":""},"_links":{"self":[{"href":"https:\/\/www.europesays.com\/fr\/wp-json\/wp\/v2\/posts\/288372","targetHints":{"allow":["GET"]}}],"collection":[{"href":"https:\/\/www.europesays.com\/fr\/wp-json\/wp\/v2\/posts"}],"about":[{"href":"https:\/\/www.europesays.com\/fr\/wp-json\/wp\/v2\/types\/post"}],"author":[{"embeddable":true,"href":"https:\/\/www.europesays.com\/fr\/wp-json\/wp\/v2\/users\/2"}],"replies":[{"embeddable":true,"href":"https:\/\/www.europesays.com\/fr\/wp-json\/wp\/v2\/comments?post=288372"}],"version-history":[{"count":0,"href":"https:\/\/www.europesays.com\/fr\/wp-json\/wp\/v2\/posts\/288372\/revisions"}],"wp:featuredmedia":[{"embeddable":true,"href":"https:\/\/www.europesays.com\/fr\/wp-json\/wp\/v2\/media\/288373"}],"wp:attachment":[{"href":"https:\/\/www.europesays.com\/fr\/wp-json\/wp\/v2\/media?parent=288372"}],"wp:term":[{"taxonomy":"category","embeddable":true,"href":"https:\/\/www.europesays.com\/fr\/wp-json\/wp\/v2\/categories?post=288372"},{"taxonomy":"post_tag","embeddable":true,"href":"https:\/\/www.europesays.com\/fr\/wp-json\/wp\/v2\/tags?post=288372"}],"curies":[{"name":"wp","href":"https:\/\/api.w.org\/{rel}","templated":true}]}}