{"id":288380,"date":"2025-08-01T06:21:19","date_gmt":"2025-08-01T06:21:19","guid":{"rendered":"https:\/\/www.europesays.com\/fr\/288380\/"},"modified":"2025-08-01T06:21:19","modified_gmt":"2025-08-01T06:21:19","slug":"ligne-une-soiree-de-bienvenue-dediee-aux-nouveaux-ligneens","status":"publish","type":"post","link":"https:\/\/www.europesays.com\/fr\/288380\/","title":{"rendered":"Lign\u00e9. Une soir\u00e9e de bienvenue d\u00e9di\u00e9e aux nouveaux Lign\u00e9ens"},"content":{"rendered":"<p>S\u2019installer dans une nouvelle ville est une exp\u00e9rience riche, que ce soit pour ses \u00e9tudes, pour des raisons professionnelles, ou au moment de la retraite.<\/p>\n<p>Cela n\u00e9cessite pour chaque arrivant d\u2019int\u00e9grer une nouvelle population, d\u2019apprivoiser les lieux, de reconstituer un r\u00e9seau social et de faire ses marques sur un territoire encore inconnu.<\/p>\n<p>\u00c0 ce titre, l\u2019accueil des nouveaux habitants est un sujet auquel la municipalit\u00e9 accorde une grande importance.<\/p>\n<p>D\u00e9roulement de la soir\u00e9e<\/p>\n<p>Une c\u00e9r\u00e9monie d\u2019accueil permet de les aider \u00e0 s\u2019int\u00e9grer dans leur environnement.<\/p>\n<p>Le Maire pr\u00e9sente la commune et les projets en cours et \u00e0 venir, puis il invite chaque famille \u00e0 venir se pr\u00e9senter.<\/p>\n<p>En guise de bienvenue, les \u00e9lus offrent \u00e0 chaque famille un pack de bienvenue de la part des professionnels de Lign\u00e9, des associations et de la commune.<\/p>\n<p>Pour prolonger la soir\u00e9e et faire connaissance dans une ambiance conviviale, l\u2019assembl\u00e9e se retrouve ensuite autour d\u2019un cocktail d\u2019accueil.<\/p>\n<p>Inscription coupon soir\u00e9e nouveaux Lign\u00e9en (ne)s dans le Lign\u00e9-Info ou demander \u00e0 la mairie.<\/p>\n<p>\u00a0<\/p>\n","protected":false},"excerpt":{"rendered":"S\u2019installer dans une nouvelle ville est une exp\u00e9rience riche, que ce soit pour ses \u00e9tudes, pour des raisons&hellip;\n","protected":false},"author":2,"featured_media":288381,"comment_status":"","ping_status":"","sticky":false,"template":"","format":"standard","meta":{"footnotes":""},"categories":[2818],"tags":[1111,11,14938,14916,1777,674,1011,27,3052,42731,766,12,2845,2636,25,953],"class_list":{"0":"post-288380","1":"post","2":"type-post","3":"status-publish","4":"format-standard","5":"has-post-thumbnail","7":"category-nantes","8":"tag-actu","9":"tag-actualites","10":"tag-bienvenue","11":"tag-dediee","12":"tag-eu","13":"tag-europe","14":"tag-fr","15":"tag-france","16":"tag-ligne","17":"tag-ligneens","18":"tag-nantes","19":"tag-news","20":"tag-nouveaux","21":"tag-pays-de-la-loire","22":"tag-republique-francaise","23":"tag-soiree"},"share_on_mastodon":{"url":"https:\/\/pubeurope.com\/@fr\/114952069714602594","error":""},"_links":{"self":[{"href":"https:\/\/www.europesays.com\/fr\/wp-json\/wp\/v2\/posts\/288380","targetHints":{"allow":["GET"]}}],"collection":[{"href":"https:\/\/www.europesays.com\/fr\/wp-json\/wp\/v2\/posts"}],"about":[{"href":"https:\/\/www.europesays.com\/fr\/wp-json\/wp\/v2\/types\/post"}],"author":[{"embeddable":true,"href":"https:\/\/www.europesays.com\/fr\/wp-json\/wp\/v2\/users\/2"}],"replies":[{"embeddable":true,"href":"https:\/\/www.europesays.com\/fr\/wp-json\/wp\/v2\/comments?post=288380"}],"version-history":[{"count":0,"href":"https:\/\/www.europesays.com\/fr\/wp-json\/wp\/v2\/posts\/288380\/revisions"}],"wp:featuredmedia":[{"embeddable":true,"href":"https:\/\/www.europesays.com\/fr\/wp-json\/wp\/v2\/media\/288381"}],"wp:attachment":[{"href":"https:\/\/www.europesays.com\/fr\/wp-json\/wp\/v2\/media?parent=288380"}],"wp:term":[{"taxonomy":"category","embeddable":true,"href":"https:\/\/www.europesays.com\/fr\/wp-json\/wp\/v2\/categories?post=288380"},{"taxonomy":"post_tag","embeddable":true,"href":"https:\/\/www.europesays.com\/fr\/wp-json\/wp\/v2\/tags?post=288380"}],"curies":[{"name":"wp","href":"https:\/\/api.w.org\/{rel}","templated":true}]}}