{"id":288386,"date":"2025-08-01T06:24:09","date_gmt":"2025-08-01T06:24:09","guid":{"rendered":"https:\/\/www.europesays.com\/fr\/288386\/"},"modified":"2025-08-01T06:24:09","modified_gmt":"2025-08-01T06:24:09","slug":"le-mirage-lgv-les-maires-de-bordeaux-et-bayonne-ecrivent-au-ministre-des-transports","status":"publish","type":"post","link":"https:\/\/www.europesays.com\/fr\/288386\/","title":{"rendered":"\u00ab\u00a0Le mirage LGV\u00a0\u00bb, les maires de Bordeaux et Bayonne \u00e9crivent au ministre des Transports"},"content":{"rendered":"<p>            Par<br \/>\n        <strong><br \/>\n            <a href=\"https:\/\/actu.fr\/auteur\/cometsebastien\" title=\"Consulter tous les articles de S\u00e9bastien Comet\" target=\"_blank\" rel=\"noopener\">S\u00e9bastien Comet<\/a><br \/>\n        <\/strong><\/p>\n<p>        Publi\u00e9 le<\/p>\n<p>            1 ao\u00fbt 2025 \u00e0 8h01        <\/p>\n<p>Dans un courrier \u00e9crit \u00e0 deux mains, les maires de <a href=\"https:\/\/actu.fr\/bordeaux\/\" target=\"_blank\" rel=\"noopener\">Bordeaux<\/a> et <a href=\"https:\/\/actu.fr\/nouvelle-aquitaine\/bayonne_64102\" target=\"_blank\" rel=\"noopener\">Bayonne<\/a>, <strong>Pierre Hurmic<\/strong> et <strong>Jean-Ren\u00e9 Etchegaray<\/strong>, ont adress\u00e9 un courrier \u00e0 Philippe Tabarot, ministre des Transports. Dans cette lettre envoy\u00e9e \u00e0 la r\u00e9daction d\u2019<a href=\"https:\/\/actu.fr\/pays-basque\/\" target=\"_blank\" rel=\"noopener\">Actu Pays basque<\/a>, jeudi 31 juillet, les deux \u00e9lus insistent pour ne \u00ab\u00a0plus tourner le dos \u00e0 l\u2019Espagne\u00a0\u00bb et s\u2019opposent une nouvelle fois \u00e0 la ligne \u00e0 grande vitesse (<a href=\"https:\/\/actu.fr\/tag\/lgv-bordeaux-toulouse\" target=\"_blank\" rel=\"noopener\">LGV<\/a>) entre Bordeaux et Hendaye.<\/p>\n<p class=\" wall-content\"><strong>\u00ab\u00a0Prioriser la r\u00e9g\u00e9n\u00e9ration du r\u00e9seau existant\u00a0\u00bb<\/strong><\/p>\n<p class=\" wall-content\">Pour le couple basco-girondin, c\u2019est le moment de mettre une certaine pression sur les acteurs du projet au vu \u00ab\u00a0des derni\u00e8res informations concernant l\u2019avenir du projet Ligne Nouvelle du Sud-Ouest (ex GPSO), qui est devenu de plus en plus incertain\u00a0\u00bb, peut-on lire dans cette lettre.<\/p>\n<p class=\" wall-content\">Pierre Hurmic et Jean-Ren\u00e9 Etchegaray rel\u00e8vent que \u00ab\u00a0les conclusions et recommandations de la r\u00e9cente conf\u00e9rence \u00ab Ambition France Transports \u00bb, destin\u00e9e \u00e0 b\u00e2tir un nouveau mod\u00e8le de financement des infrastructures de transports, viennent d\u2019\u00eatre rendues publiques et confirment <strong>l\u2019\u00e9tat alarmant de notre r\u00e9seau ferroviaire historique qui n\u00e9cessite des investissements de remise en \u00e9tat massifs<\/strong> et durables\u00a0\u00bb.<\/p>\n<blockquote class=\"ac-article-quote wall-content\">\n<p>Ces derniers en appellent donc \u00e0 ce que \u00ab la strat\u00e9gie de connexion ferroviaire atlantique de la France avec l\u2019Espagne soit reconsid\u00e9r\u00e9e \u00e0 la lumi\u00e8re des conclusions de la derni\u00e8re Conf\u00e9rence de financement, et s\u2019oriente sans d\u00e9lai vers la requalification \u00e0 220 \u2013 250 km\/h de la ligne actuelle Bordeaux-Hendaye, qui comporte la plus grande ligne droite de notre r\u00e9seau.<\/p>\n<p>    <strong>Lettre de Pierre Hurmic et Jean-Ren\u00e9 Etchegaray<\/strong>\n            <\/p><\/blockquote>\n<p class=\" wall-content\">Pour les \u00e9diles, il est urgent \u00ab\u00a0de prioriser la r\u00e9g\u00e9n\u00e9ration du r\u00e9seau existant et sa modernisation et mise en avant pour assurer cette liaison vers l\u2019Espagne\u00a0\u00bb. Ils regrettent \u00e9galement que \u00ab\u00a0depuis pr\u00e8s de 20 ans,<strong> la France bloque d\u00e9lib\u00e9r\u00e9ment toute autre solution de connexion en entretenant le mirage d\u2019une LGV<\/strong> con\u00e7ue \u00e0 une autre \u00e9poque \u00bb.\u00a0<\/p>\n<p class=\" wall-content\"><strong>Les pro-LGV inquiets\u00a0<\/strong><\/p>\n<p class=\" wall-content\">Pour insister sur la modernisation des lignes existantes, les maires de Bordeaux et Bayonne s\u2019appuient notamment sur \u00ab\u00a0l\u2019Appel\u00a0\u00bb lanc\u00e9 en 2023 qui avait \u00e9t\u00e9 soutenu par 634 \u00e9lus aquitains, dont une centaine de maires et des parlementaires.<\/p>\n<p class=\" wall-content\">Cette lettre publique des deux maires intervient alors que dans le m\u00eame temps, les pr\u00e9sidents de la R\u00e9gion <a href=\"https:\/\/actu.fr\/nouvelle-aquitaine\/\" target=\"_blank\" rel=\"noopener\">Nouvelle-Aquitaine<\/a> et d\u2019Occitanie, <strong>Alain Rousset<\/strong> et <strong>Carole Delga<\/strong>, ainsi que plusieurs autres \u00e9lus favorables \u00e0 la LGV ont adress\u00e9 une lettre \u00e0 l\u2019\u00c9tat\u00a0\u00bb. Ils s\u2019inqui\u00e8tent notamment du recul des aides et lui exhortent \u00e0 \u00ab\u00a0tenir des engagements\u00a0\u00bb. \u00ab\u00a0Reculer sur ce projet indispensable \u00e0 la d\u00e9carbonation de notre pays et \u00e0 sa comp\u00e9titivit\u00e9 \u00e9conomique serait une faute politique et climatique majeure\u00a0\u00bb.<\/p>\n<p class=\" wall-content\">Suivez toute l\u2019actualit\u00e9 de vos villes et m\u00e9dias favoris en vous inscrivant \u00e0 <a href=\"https:\/\/moncompte.actu.fr\" title=\"D\u00e9couvez Mon Actu\" rel=\"nofollow noopener\" data-trk=\"{&quot;cta&quot;:{&quot;action&quot;:&quot;https:\\\/\\\/moncompte.actu.fr&quot;,&quot;category&quot;:&quot;mon compte&quot;,&quot;from&quot;:&quot;article footer&quot;,&quot;name&quot;:&quot;Mon actu&quot;,&quot;type&quot;:&quot;cta&quot;}}\" target=\"_blank\">Mon Actu<\/a>.<\/p>\n<ul class=\"ac-article-tag wall-content\">\n<li><a href=\"https:\/\/actu.fr\/tag\/lgv-bordeaux-toulouse\" data-trk=\"{&quot;cta&quot;:{&quot;action&quot;:&quot;LGV Bordeaux-Toulouse&quot;,&quot;category&quot;:&quot;tag&quot;,&quot;from&quot;:&quot;article footer&quot;,&quot;name&quot;:&quot;LGV Bordeaux-Toulouse&quot;,&quot;type&quot;:&quot;cta&quot;}}\" target=\"_blank\" rel=\"noopener\">#LGV Bordeaux-Toulouse<\/a><\/li>\n<li><a href=\"https:\/\/actu.fr\/tag\/pierre-hurmic\" data-trk=\"{&quot;cta&quot;:{&quot;action&quot;:&quot;Pierre Hurmic&quot;,&quot;category&quot;:&quot;tag&quot;,&quot;from&quot;:&quot;article footer&quot;,&quot;name&quot;:&quot;Pierre Hurmic&quot;,&quot;type&quot;:&quot;cta&quot;}}\" target=\"_blank\" rel=\"noopener\">#Pierre Hurmic<\/a><\/li>\n<\/ul>\n","protected":false},"excerpt":{"rendered":"Par S\u00e9bastien Comet Publi\u00e9 le 1 ao\u00fbt 2025 \u00e0 8h01 Dans un courrier \u00e9crit \u00e0 deux mains, les&hellip;\n","protected":false},"author":2,"featured_media":288387,"comment_status":"","ping_status":"","sticky":false,"template":"","format":"standard","meta":{"footnotes":""},"categories":[2817],"tags":[1111,11,1997,1777,674,1011,27,6200,12,2219,4860,25,104],"class_list":{"0":"post-288386","1":"post","2":"type-post","3":"status-publish","4":"format-standard","5":"has-post-thumbnail","7":"category-bordeaux","8":"tag-actu","9":"tag-actualites","10":"tag-bordeaux","11":"tag-eu","12":"tag-europe","13":"tag-fr","14":"tag-france","15":"tag-lgv-bordeaux-toulouse","16":"tag-news","17":"tag-nouvelle-aquitaine","18":"tag-pierre-hurmic","19":"tag-republique-francaise","20":"tag-societe"},"share_on_mastodon":{"url":"https:\/\/pubeurope.com\/@fr\/114952081529823860","error":""},"_links":{"self":[{"href":"https:\/\/www.europesays.com\/fr\/wp-json\/wp\/v2\/posts\/288386","targetHints":{"allow":["GET"]}}],"collection":[{"href":"https:\/\/www.europesays.com\/fr\/wp-json\/wp\/v2\/posts"}],"about":[{"href":"https:\/\/www.europesays.com\/fr\/wp-json\/wp\/v2\/types\/post"}],"author":[{"embeddable":true,"href":"https:\/\/www.europesays.com\/fr\/wp-json\/wp\/v2\/users\/2"}],"replies":[{"embeddable":true,"href":"https:\/\/www.europesays.com\/fr\/wp-json\/wp\/v2\/comments?post=288386"}],"version-history":[{"count":0,"href":"https:\/\/www.europesays.com\/fr\/wp-json\/wp\/v2\/posts\/288386\/revisions"}],"wp:featuredmedia":[{"embeddable":true,"href":"https:\/\/www.europesays.com\/fr\/wp-json\/wp\/v2\/media\/288387"}],"wp:attachment":[{"href":"https:\/\/www.europesays.com\/fr\/wp-json\/wp\/v2\/media?parent=288386"}],"wp:term":[{"taxonomy":"category","embeddable":true,"href":"https:\/\/www.europesays.com\/fr\/wp-json\/wp\/v2\/categories?post=288386"},{"taxonomy":"post_tag","embeddable":true,"href":"https:\/\/www.europesays.com\/fr\/wp-json\/wp\/v2\/tags?post=288386"}],"curies":[{"name":"wp","href":"https:\/\/api.w.org\/{rel}","templated":true}]}}