{"id":288408,"date":"2025-08-01T06:38:19","date_gmt":"2025-08-01T06:38:19","guid":{"rendered":"https:\/\/www.europesays.com\/fr\/288408\/"},"modified":"2025-08-01T06:38:19","modified_gmt":"2025-08-01T06:38:19","slug":"les-valeurs-a-suivre-a-paris-et-en-europe-actualise-01-08-2025-a-0822","status":"publish","type":"post","link":"https:\/\/www.europesays.com\/fr\/288408\/","title":{"rendered":"Les valeurs \u00e0 suivre \u00e0 Paris et en Europe (actualis\u00e9) &#8211; 01\/08\/2025 \u00e0 08:22"},"content":{"rendered":"<p>\n (Actualis\u00e9 avec secteur de l&rsquo;exportation, constructeurs<br \/>\nautomobiles, AXA, secteur bancaire britannique, Engie, Atos,<br \/>\nLegrand, Bayer, Daimler, Cox, Pearson, Evonik, Pirelli, Alpha<br \/>\nBank)\n<\/p>\n<p>\n *\n<\/p>\n<p>\n Variation des futures sur indice CAC 40  0#FCE:\n<\/p>\n<p>\n *\n<\/p>\n<p>\n Variation des futures sur indice Stoxx 600  0#FXXP:\n<\/p>\n<p>\n *\n<\/p>\n<p>\n Valeurs qui se traitent ex-dividende  .EX.PA\n<\/p>\n<p>\n *\n<\/p>\n<p>\n Le point sur les march\u00e9s europ\u00e9ens  .EUFR\n<\/p>\n<p>\n Les valeurs \u00e0 suivre<br \/>\nvendredi \u00e0 la Bourse de Paris et en Europe :\n<\/p>\n<p>\n * SECTEUR DE L&rsquo;EXPORTATION &#8211; Le pr\u00e9sident am\u00e9ricain Donald<br \/>\nTrump a pr\u00e9sent\u00e9 vendredi un d\u00e9cret pr\u00e9voyant des droits de<br \/>\ndouane allant de 10% \u00e0 41% sur les importations en provenance de<br \/>\ndizaines de pays.\n<\/p>\n<p>\n * CONSTRUCTEURS AUTOMOBILES &#8211;  Les immatriculations de<br \/>\nvoitures neuves en France ont diminu\u00e9 en juillet de 7,66% en<br \/>\nrythme annuel, selon les donn\u00e9es communiqu\u00e9es vendredi par la<br \/>\nPlateforme automobile (PFA).\n<\/p>\n<p>\n * AXA<br \/>\n <a href=\"https:\/\/www.boursorama.com\/cours\/1rPCS\/\" rel=\"nofollow noopener\" target=\"_blank\"><br \/>\n  AXAF.PA<br \/>\n <\/a><br \/>\n &#8211; Le groupe d&rsquo;assurance fran\u00e7ais a fait \u00e9tat<br \/>\nvendredi d&rsquo;un r\u00e9sultat net inf\u00e9rieur aux attentes au titre du<br \/>\npremier semestre 2025, malgr\u00e9 une croissance de ses primes<br \/>\nport\u00e9e par l&rsquo;ensemble de ses lignes d&rsquo;activit\u00e9.\n<\/p>\n<p>\n AXA a \u00e9galement annonc\u00e9 vendredi avoir conclu un accord<br \/>\nconcernant l&rsquo;achat de l&rsquo;assureur Prima en Italie.\n<\/p>\n<p>\n * EURONEXT<br \/>\n <a href=\"https:\/\/www.boursorama.com\/cours\/1rPENX\/\" rel=\"nofollow noopener\" target=\"_blank\"><br \/>\n  ENX.PA<br \/>\n <\/a><br \/>\n &#8211; L&rsquo;op\u00e9rateur boursier paneurop\u00e9en a<br \/>\nfait \u00e9tat jeudi d&rsquo;une hausse plus importante que pr\u00e9vu de son<br \/>\nchiffre d&rsquo;affaires au deuxi\u00e8me trimestre, la volatilit\u00e9<br \/>\npersistante des march\u00e9s ayant soutenu les volumes de<br \/>\ntransactions.\n<\/p>\n<p>\n * VIVENDI<br \/>\n <a href=\"https:\/\/www.boursorama.com\/cours\/1rPVIV\/\" rel=\"nofollow noopener\" target=\"_blank\"><br \/>\n  VIV.PA<br \/>\n <\/a><br \/>\n a fait \u00e9tat jeudi d&rsquo;un chiffre d&rsquo;affaires<br \/>\nen hausse de 8,4% \u00e0 taux de change et p\u00e9rim\u00e8tre constants au<br \/>\npremier semestre, \u00e0 145 millions d&rsquo;euros, port\u00e9 notamment par la<br \/>\nbonne performance de Gameloft.\n<\/p>\n<p>\n * ENGIE<br \/>\n <a href=\"https:\/\/www.boursorama.com\/cours\/1rPENGI\/\" rel=\"nofollow noopener\" target=\"_blank\"><br \/>\n  ENGIE.PA<br \/>\n <\/a><br \/>\n a annonc\u00e9 vendredi une baisse de 9,4% sur<br \/>\nun an de son b\u00e9n\u00e9fice op\u00e9rationnel au premier semestre, plomb\u00e9<br \/>\npar la baisse des prix et de la production d&rsquo;\u00e9lectricit\u00e9, la<br \/>\nhausse des ventes et de la distribution de gaz naturel due au<br \/>\nrefroidissement climatique en Europe n&rsquo;ayant pas suffi \u00e0<br \/>\ncompenser la baisse des prix et de la production d&rsquo;\u00e9lectricit\u00e9.\n<\/p>\n<p>\n * TP (ex-Teleperformance)<br \/>\n <a href=\"https:\/\/www.boursorama.com\/cours\/1rPTEP\/\" rel=\"nofollow noopener\" target=\"_blank\"><br \/>\n  TEPRF.PA<br \/>\n <\/a><br \/>\n a r\u00e9vis\u00e9 ses objectifs<br \/>\nannuels jeudi et dit viser une croissance du chiffre d&rsquo;affaires<br \/>\ndans le bas de sa fourchette de pr\u00e9vision pr\u00e9c\u00e9dente, citant<br \/>\nl&rsquo;\u00e9volution des taux de change, un environnement macro\u00e9conomique<br \/>\nvolatil et la performance de son activit\u00e9 \u00ab\u00a0services<br \/>\nsp\u00e9cialis\u00e9s\u00a0\u00bb.\n<\/p>\n<p>\n * SAINT-GOBAIN<br \/>\n <a href=\"https:\/\/www.boursorama.com\/cours\/1rPSGO\/\" rel=\"nofollow noopener\" target=\"_blank\"><br \/>\n  SGOB.PA<br \/>\n <\/a><br \/>\n a affich\u00e9 jeudi un Ebitda de 3,82<br \/>\nmilliards d&rsquo;euros au premier semestre, \u00ab\u00a0un nouveau plus haut<br \/>\nhistorique\u00a0\u00bb selon le groupe, et a confirm\u00e9 ses objectifs<br \/>\nannuels.\n<\/p>\n<p>\n * COFACE<br \/>\n <a href=\"https:\/\/www.boursorama.com\/cours\/1rPCOFA\/\" rel=\"nofollow noopener\" target=\"_blank\"><br \/>\n  COFA.PA<br \/>\n <\/a><br \/>\n a fait \u00e9tat jeudi d&rsquo;une baisse de 14,7%<br \/>\nde son r\u00e9sultat net \u00e0 62,1 millions d&rsquo;euros, citant une base de<br \/>\ncomparaison \u00ab\u00a0record\u00a0\u00bb en 2024, bien que le groupe fran\u00e7ais a<br \/>\nenregistr\u00e9 une hausse de son chiffre d&rsquo;affaires sur la m\u00eame<br \/>\np\u00e9riode, port\u00e9 par la performance de ses activit\u00e9s<br \/>\nd&rsquo;assurance-cr\u00e9dit et de services.\n<\/p>\n<p>\n * VIRIDIEN<br \/>\n <a href=\"https:\/\/www.boursorama.com\/cours\/1rPVIRI\/\" rel=\"nofollow noopener\" target=\"_blank\"><br \/>\n  VIRI.PA<br \/>\n <\/a><br \/>\n a fait \u00e9tat jeudi d&rsquo;une hausse de 6% de<br \/>\nson chiffre d&rsquo;affaires au deuxi\u00e8me trimestre, \u00e0 274 millions de<br \/>\ndollars (239,70 millions d&rsquo;euros), port\u00e9 notamment par<br \/>\nGeoscience, le groupe citant \u00e9galement une \u00ab\u00a0performance solide<br \/>\ndans un environnement volatil\u00a0\u00bb.\n<\/p>\n<p>\n * BANIJAY GROUP<br \/>\n <a href=\"https:\/\/www.boursorama.com\/cours\/1rABNJ\/\" rel=\"nofollow noopener\" target=\"_blank\"><br \/>\n  BNJ.AS<br \/>\n <\/a><br \/>\n a fait \u00e9tat jeudi d&rsquo;un chiffre<br \/>\nd&rsquo;affaires au premier semestre en hausse de 6,1% \u00e0 2,21<br \/>\nmilliards d&rsquo;euros.\n<\/p>\n<p>\n * ATOS<br \/>\n <a href=\"https:\/\/www.boursorama.com\/cours\/1rPATO\/\" rel=\"nofollow noopener\" target=\"_blank\"><br \/>\n  ATOS.PA<br \/>\n <\/a><br \/>\n a fait \u00e9tat vendredi d&rsquo;un chiffre<br \/>\nd&rsquo;affaires en baisse organique de 17,4% au premier semestre,<br \/>\ncitant la sortie de contrats et la faible traction commerciale,<br \/>\ntout en confirmant ses objectifs annuels.\n<\/p>\n<p>\n * LEGRAND<br \/>\n <a href=\"https:\/\/www.boursorama.com\/cours\/1rPLR\/\" rel=\"nofollow noopener\" target=\"_blank\"><br \/>\n  LEGD.PA<br \/>\n <\/a><br \/>\n a annonc\u00e9 vendredi la signature d&rsquo;un<br \/>\ncontrat d&rsquo;acquisition en vue d&rsquo;acqu\u00e9rir une participation<br \/>\nmajoritaire dans la soci\u00e9t\u00e9 de contr\u00f4le d&rsquo;acc\u00e8s pour l&rsquo;habitat<br \/>\ncollectif COGELEC  ALLEC.PA , dans le prolongement de la<br \/>\npromesse d&rsquo;achat sign\u00e9e d\u00e9but juillet.\n<\/p>\n<p>\n * SECTEUR BANCAIRE BRITANNIQUE &#8211; La Cour supr\u00eame du<br \/>\nRoyaume-Uni annoncera vendredi une d\u00e9cision tr\u00e8s attendue sur<br \/>\nles commissions pratiqu\u00e9es dans le cr\u00e9dit automobile, qui<br \/>\npourrait co\u00fbter plusieurs milliards de livres aux banques<br \/>\nbritanniques.\n<\/p>\n<p>\n * DAIMLER TRUCK<br \/>\n <a href=\"https:\/\/www.boursorama.com\/cours\/1zDTG\/\" rel=\"nofollow noopener\" target=\"_blank\"><br \/>\n  DTGGe.DE<br \/>\n <\/a><br \/>\n &#8211; Le constructeur allemand de<br \/>\ncamions a revu jeudi \u00e0 la baisse une pr\u00e9vision de b\u00e9n\u00e9fice cl\u00e9<br \/>\npour 2025 en raison de la \u00ab\u00a0faiblesse continue du march\u00e9 en<br \/>\nAm\u00e9rique du Nord\u00a0\u00bb, dernier avertissement en date chez un grand<br \/>\nnom du secteur automobile dans un contexte commercial marqu\u00e9 par<br \/>\nles droits de douane am\u00e9ricains.\n<\/p>\n<p>\n * FERRAGAMO<br \/>\n <a href=\"https:\/\/www.boursorama.com\/cours\/1gSFER\/\" rel=\"nofollow noopener\" target=\"_blank\"><br \/>\n  SFER.MI<br \/>\n <\/a><br \/>\n &#8211; Le groupe de luxe italien a annonc\u00e9<br \/>\njeudi avoir mis en place un plan pour relancer ses ventes et sa<br \/>\nmarque alors qu&rsquo;il fait face \u00e0 une \u00e9rosion de la demande des<br \/>\nconsommateurs et \u00e0 une incertitude macro\u00e9conomique.\n<\/p>\n<p>\n * CAMPARI<br \/>\n <a href=\"https:\/\/www.boursorama.com\/cours\/1gCPR\/\" rel=\"nofollow noopener\" target=\"_blank\"><br \/>\n  CPRI.MI<br \/>\n <\/a><br \/>\n &#8211; Le groupe italien de spiritueux a<br \/>\nannonc\u00e9 jeudi une hausse organique de 3,5% de ses ventes nettes<br \/>\nau titre du deuxi\u00e8me trimestre, malgr\u00e9 un contexte d&rsquo;incertitude<br \/>\nsur l&rsquo;impact des droits de douane am\u00e9ricains.\n<\/p>\n<p>\n Il a en outre mis en garde contre un impact de 45 millions<br \/>\nd&rsquo;euros des droits de douane am\u00e9ricains sur ses b\u00e9n\u00e9fices cette<br \/>\nann\u00e9e.\n<\/p>\n<p>\n * BAYER<br \/>\n <a href=\"https:\/\/www.boursorama.com\/cours\/1zBAYN\/\" rel=\"nofollow noopener\" target=\"_blank\"><br \/>\n  BAYGn.DE<br \/>\n <\/a><br \/>\n &#8211; Le groupe allemand a relev\u00e9 jeudi soir<br \/>\nsa pr\u00e9vision de ventes annuelles, tout en d\u00e9clarant avoir<br \/>\nconstitu\u00e9 des provisions suppl\u00e9mentaires de 1,2 milliard d&rsquo;euros<br \/>\npour faire face au litige en cours aux \u00c9tats-Unis concernant le<br \/>\nRoundup.\n<\/p>\n<p>\n * ENEI<br \/>\n <a href=\"https:\/\/www.boursorama.com\/cours\/1gENEL\/\" rel=\"nofollow noopener\" target=\"_blank\"><br \/>\n  ENEI.MI<br \/>\n <\/a><br \/>\n &#8211; Le groupe italien de services aux<br \/>\ncollectivit\u00e9s a fait \u00e9tat jeudi d&rsquo;une hausse de 1% de son<br \/>\nb\u00e9n\u00e9fice courant au titre du premier semestre, hors cessions<br \/>\nd&rsquo;actifs, et a annonc\u00e9 qu&rsquo;il lancerait un programme de rachat<br \/>\nd&rsquo;actions d&rsquo;une valeur maximale d&rsquo;un milliard d&rsquo;euros dans le<br \/>\ncourant de l&rsquo;ann\u00e9e.\n<\/p>\n<p>\n * PIRELLI<br \/>\n <a href=\"https:\/\/www.boursorama.com\/cours\/1gPIRC\/\" rel=\"nofollow noopener\" target=\"_blank\"><br \/>\n  PIRC.MI<br \/>\n <\/a><br \/>\n &#8211; Le fabricant italien de<br \/>\npneumatiques a revu \u00e0 la baisse jeudi soir sa pr\u00e9vision de<br \/>\nchiffre d&rsquo;affaires pour 2025, en raison de l&rsquo;impact attendu des<br \/>\nfluctuations de taux de change d\u00e9favorables.\n<\/p>\n<p>\n * EVONIK INDUSTRIES<br \/>\n <a href=\"https:\/\/www.boursorama.com\/cours\/1zEVK\/\" rel=\"nofollow noopener\" target=\"_blank\"><br \/>\n  EVKn.DE<br \/>\n <\/a><br \/>\n &#8211; Le groupe chimique allemand<br \/>\na annonc\u00e9 vendredi un b\u00e9n\u00e9fice de base pour le deuxi\u00e8me<br \/>\ntrimestre inf\u00e9rieur aux attentes, p\u00e9nalis\u00e9 par la faiblesse de<br \/>\nla demande et un environnement de march\u00e9 difficile.\n<\/p>\n<p>\n * ALPHA BANK  ACBr.AT  &#8211; La banque grecque a publi\u00e9 vendredi<br \/>\nun b\u00e9n\u00e9fice net en hausse pour le premier semestre de l&rsquo;ann\u00e9e,<br \/>\nsoutenu par des commissions \u00e9lev\u00e9es et une expansion du cr\u00e9dit.\n<\/p>\n<p>\n * COX  COXGA.MC  a accept\u00e9 de racheter les actifs<br \/>\nd&rsquo;Iberdrole<br \/>\n <a href=\"https:\/\/www.boursorama.com\/cours\/FF55-IBE\/\" rel=\"nofollow noopener\" target=\"_blank\"><br \/>\n  IBE.MC<br \/>\n <\/a><br \/>\n au Mexique dans le cadre d&rsquo;une transaction<br \/>\n\u00e9valuant l&rsquo;entreprise \u00e0 4,2 milliards de dollars, dette<br \/>\ncomprise, ont annonc\u00e9 jeudi soir les deux soci\u00e9t\u00e9s.\n<\/p>\n<p>\n * PEARSON<br \/>\n <a href=\"https:\/\/www.boursorama.com\/cours\/1uPSON.L\/\" rel=\"nofollow noopener\" target=\"_blank\"><br \/>\n  PSON.L<br \/>\n <\/a><br \/>\n &#8211; Le groupe britannique a d\u00e9clar\u00e9 qu&rsquo;il<br \/>\ns&rsquo;attendait \u00e0 ce que la croissance s&rsquo;acc\u00e9l\u00e8re au second<br \/>\nsemestre, apr\u00e8s avoir annonc\u00e9 vendredi une hausse de 2% des<br \/>\nventes sous-jacentes et du b\u00e9n\u00e9fice d&rsquo;exploitation ajust\u00e9 pour<br \/>\nles six mois se terminant \u00e0 la fin du mois de juin.\n<\/p>\n<p>\n L&rsquo;AGENDA FRANCE &amp; INTERNATIONAL \u00c0 7 JOURS:<\/p>\n<p> nL6N3TL0K0\n<\/p>\n<p>\n (R\u00e9dig\u00e9 par Claude Chendjou et Diana Mandia)<\/p>\n","protected":false},"excerpt":{"rendered":"(Actualis\u00e9 avec secteur de l&rsquo;exportation, constructeurs automobiles, AXA, secteur bancaire britannique, Engie, Atos, Legrand, Bayer, Daimler, Cox, Pearson,&hellip;\n","protected":false},"author":2,"featured_media":64038,"comment_status":"","ping_status":"","sticky":false,"template":"","format":"standard","meta":{"footnotes":""},"categories":[1888],"tags":[400,11,398,408,405,1777,674,1011,27,403,402,399,404,12,626,25,401,406,407],"class_list":{"0":"post-288408","1":"post","2":"type-post","3":"status-publish","4":"format-standard","5":"has-post-thumbnail","7":"category-paris","8":"tag-action-cac-40","9":"tag-actualites","10":"tag-bourse-de-paris","11":"tag-boursorama","12":"tag-cotations","13":"tag-eu","14":"tag-europe","15":"tag-fr","16":"tag-france","17":"tag-indices-devises","18":"tag-investir","19":"tag-investissement","20":"tag-marche-boursier","21":"tag-news","22":"tag-paris","23":"tag-republique-francaise","24":"tag-sicav","25":"tag-trackers","26":"tag-warrants"},"share_on_mastodon":{"url":"https:\/\/pubeurope.com\/@fr\/114952136556000792","error":""},"_links":{"self":[{"href":"https:\/\/www.europesays.com\/fr\/wp-json\/wp\/v2\/posts\/288408","targetHints":{"allow":["GET"]}}],"collection":[{"href":"https:\/\/www.europesays.com\/fr\/wp-json\/wp\/v2\/posts"}],"about":[{"href":"https:\/\/www.europesays.com\/fr\/wp-json\/wp\/v2\/types\/post"}],"author":[{"embeddable":true,"href":"https:\/\/www.europesays.com\/fr\/wp-json\/wp\/v2\/users\/2"}],"replies":[{"embeddable":true,"href":"https:\/\/www.europesays.com\/fr\/wp-json\/wp\/v2\/comments?post=288408"}],"version-history":[{"count":0,"href":"https:\/\/www.europesays.com\/fr\/wp-json\/wp\/v2\/posts\/288408\/revisions"}],"wp:featuredmedia":[{"embeddable":true,"href":"https:\/\/www.europesays.com\/fr\/wp-json\/wp\/v2\/media\/64038"}],"wp:attachment":[{"href":"https:\/\/www.europesays.com\/fr\/wp-json\/wp\/v2\/media?parent=288408"}],"wp:term":[{"taxonomy":"category","embeddable":true,"href":"https:\/\/www.europesays.com\/fr\/wp-json\/wp\/v2\/categories?post=288408"},{"taxonomy":"post_tag","embeddable":true,"href":"https:\/\/www.europesays.com\/fr\/wp-json\/wp\/v2\/tags?post=288408"}],"curies":[{"name":"wp","href":"https:\/\/api.w.org\/{rel}","templated":true}]}}