{"id":288411,"date":"2025-08-01T06:40:12","date_gmt":"2025-08-01T06:40:12","guid":{"rendered":"https:\/\/www.europesays.com\/fr\/288411\/"},"modified":"2025-08-01T06:40:12","modified_gmt":"2025-08-01T06:40:12","slug":"pour-serguei-lavrov-lallemagne-et-leurope-suivent-la-voie-dun-quatrieme-reich","status":"publish","type":"post","link":"https:\/\/www.europesays.com\/fr\/288411\/","title":{"rendered":"pour Sergue\u00ef Lavrov, l\u2019Allemagne et l\u2019Europe suivent la voie d\u2019un \u00abQuatri\u00e8me Reich\u00bb"},"content":{"rendered":"<p>Dans une tribune publi\u00e9e mardi dans un m\u00e9dia gouvernemental, le chef de la diplomatie russe, Sergue\u00ef Lavrov, a livr\u00e9 une violente charge contre l\u2019Allemagne et l\u2019Union europ\u00e9enne, qu\u2019il accuse de d\u00e9rive autoritaire et militariste.<\/p>\n<p class=\"fig-paragraph\">L\u2019Allemagne et l\u2019<a href=\"http:\/\/www.lefigaro.fr\/international\/dossier\/elections-europeennes-reportages-laure-mandeville-bruxelles-union-europeenne-italie-matteo-salvini-paolo-rumiz-espagne-hongrie-viktor-orban-pologne\" target=\"_blank\" data-fig-type=\"Topic\" rel=\"noopener\" data-gtm-custom-categorie=\"navigation\" data-gtm-custom-action=\"crossclick\" data-gtm-custom-label=\"Contextuel\" data-gtm-event=\"customEventSPE\" data-fig-domain=\"LEFIGARO\">Union europ\u00e9enne<\/a>\u00a0seraient en pleine d\u00e9rive autoritaire et militariste, selon le chef de la diplomatie russe\u00a0<a href=\"http:\/\/www.lefigaro.fr\/international\/il-est-le-chef-de-la-diplomatie-russe-depuis-la-naissance-de-jesus-christ-la-charge-du-chef-de-l-otan-contre-serguei-lavrov-20250703\" target=\"_blank\" data-fig-type=\"NewsFlash\" rel=\"noopener\" data-gtm-custom-categorie=\"navigation\" data-gtm-custom-action=\"crossclick\" data-gtm-custom-label=\"Contextuel\" data-gtm-event=\"customEventSPE\" data-fig-domain=\"LEFIGARO\">Sergue\u00ef Lavrov<\/a>. Dans une tribune publi\u00e9e mardi dans le quotidien gouvernemental Rossi\u00efska\u00efa Gazeta, le ministre russe des Affaires \u00e9trang\u00e8res affirme que \u00abl\u2019Allemagne moderne et le reste de l\u2019Europe se transforment en un Quatri\u00e8me Reich\u00bb, selon les propos rapport\u00e9s par l\u2019agence de presse TASS.<\/p>\n<p class=\"fig-paragraph\">Le chef de la diplomatie russe \u00e9voque notamment les d\u00e9clarations du chancelier\u00a0<a href=\"https:\/\/www.lefigaro.fr\/tag\/friedrich-merz\" target=\"_blank\" rel=\"sponsored noopener\" data-gtm-custom-categorie=\"navigation\" data-gtm-custom-action=\"crossclick\" data-gtm-custom-label=\"Contextuel\" data-gtm-event=\"customEventSPE\">Friedrich Merz<\/a>\u00a0sur le renforcement massif de la Bundeswehr. \u00abLe chancelier a appel\u00e9 \u00e0 transformer l\u2019arm\u00e9e allemande en la plus puissante force conventionnelle d\u2019Europe, comme cela avait \u00e9t\u00e9 le cas avant les deux guerres mondiales\u00a0\u00bb, \u00e9crit-il dans la tribune.<\/p>\n<p>                                    <a class=\"fig-a11y-skip a11y-hidden\" href=\"#fig-a11y-skip-main-inarticle\"><br \/>\n        Passer la publicit\u00e9<br \/>\n    <\/a><\/p>\n<p class=\"fig-paragraph\">Il \u00e9voque \u00e9galement les propos du ministre allemand de la D\u00e9fense, Boris Pistorius, qui affirmait dans une interview mi-juin au Financial Times \u00eatre pr\u00eat \u00e0 \u00abtuer des soldats russes\u00bb si la Russie attaquait un membre de l\u2019OTAN. Le ministre allemand avait d\u00e9clar\u00e9 dans cet entretien que Berlin abandonnait la posture de retenue militaire observ\u00e9e depuis le lendemain de la Seconde Guerre mondiale. \u00abLes troupes allemandes seront pr\u00eates \u00e0 tuer des soldats russes si Moscou attaque un \u00c9tat membre de l\u2019OTAN. Si la dissuasion \u00e9choue et que la Russie attaque, cela se produira-t-il\u00a0? Oui\u00bb, avait-il affirm\u00e9.<\/p>\n<p>Plan d\u00e9fense europ\u00e9en<\/p>\n<p class=\"fig-paragraph\">L\u2019avertissement de Sergue\u00ef Lavrov, en r\u00e9f\u00e9rence \u00e0 l\u2019\u00e9poque nazie o\u00f9 l\u2019Allemagne \u00e9tait dirig\u00e9e par Adolf Hitler, intervient \u00e0 l\u2019occasion du 50e anniversaire de la signature de l\u2019Acte final d\u2019Helsinki. Ce texte a lanc\u00e9 le 1er ao\u00fbt 1975 une instance multilat\u00e9rale de dialogue et de n\u00e9gociation entre les blocs de l\u2019Est et de l\u2019Ouest durant la Guerre froide, entre 1973 et 1994, devenue aujourd\u2019hui l\u2019Organisation pour la s\u00e9curit\u00e9 et la coop\u00e9ration en Europe (OSCE). Son si\u00e8ge est situ\u00e9 \u00e0 Vienne, en\u00a0<a href=\"https:\/\/www.lefigaro.fr\/tag\/autriche\" target=\"_blank\" rel=\"sponsored noopener\" data-gtm-custom-categorie=\"navigation\" data-gtm-custom-action=\"crossclick\" data-gtm-custom-label=\"Contextuel\" data-gtm-event=\"customEventSPE\">Autriche<\/a>.<\/p>\n<p class=\"fig-paragraph\">Sergue\u00ef Lavrov affirme que l\u2019OSCE, affaiblie et politis\u00e9e selon lui, serait aujourd\u2019hui incapable de remplir sa mission. Le ministre russe s\u2019en prend aussi au projet de d\u00e9fense europ\u00e9en, notamment celui de la pr\u00e9sidente de la Commission europ\u00e9enne,\u00a0<a href=\"https:\/\/www.lefigaro.fr\/tag\/ursula-von-der-leyen\" target=\"_blank\" rel=\"sponsored noopener\" data-gtm-custom-categorie=\"navigation\" data-gtm-custom-action=\"crossclick\" data-gtm-custom-label=\"Contextuel\" data-gtm-event=\"customEventSPE\">Ursula von der Leyen<\/a>, de lever 800 milliards d\u2019euros au nom de la s\u00e9curit\u00e9 du continent. Annonc\u00e9 en mars dernier, le plan pr\u00e9voit de \u00abr\u00e9armer l\u2019Europe\u00bb par des fonds qui doivent servir en priorit\u00e9 \u00e0 investir dans les domaines o\u00f9 les besoins sont les plus urgents, comme la d\u00e9fense anti-a\u00e9rienne, les missiles, les drones et les syst\u00e8mes anti-drones ou encore les syst\u00e8mes d\u2019artillerie.<\/p>\n","protected":false},"excerpt":{"rendered":"Dans une tribune publi\u00e9e mardi dans un m\u00e9dia gouvernemental, le chef de la diplomatie russe, Sergue\u00ef Lavrov, a&hellip;\n","protected":false},"author":2,"featured_media":288412,"comment_status":"","ping_status":"","sticky":false,"template":"","format":"standard","meta":{"footnotes":""},"categories":[1590],"tags":[11,672,1777,674,131,12,132,1135,220],"class_list":{"0":"post-288411","1":"post","2":"type-post","3":"status-publish","4":"format-standard","5":"has-post-thumbnail","7":"category-ukraine","8":"tag-actualites","9":"tag-allemagne","10":"tag-eu","11":"tag-europe","12":"tag-guerre-en-ukraine","13":"tag-news","14":"tag-russie","15":"tag-serguei-lavrov","16":"tag-ukraine"},"share_on_mastodon":{"url":"https:\/\/pubeurope.com\/@fr\/114952144433456582","error":""},"_links":{"self":[{"href":"https:\/\/www.europesays.com\/fr\/wp-json\/wp\/v2\/posts\/288411","targetHints":{"allow":["GET"]}}],"collection":[{"href":"https:\/\/www.europesays.com\/fr\/wp-json\/wp\/v2\/posts"}],"about":[{"href":"https:\/\/www.europesays.com\/fr\/wp-json\/wp\/v2\/types\/post"}],"author":[{"embeddable":true,"href":"https:\/\/www.europesays.com\/fr\/wp-json\/wp\/v2\/users\/2"}],"replies":[{"embeddable":true,"href":"https:\/\/www.europesays.com\/fr\/wp-json\/wp\/v2\/comments?post=288411"}],"version-history":[{"count":0,"href":"https:\/\/www.europesays.com\/fr\/wp-json\/wp\/v2\/posts\/288411\/revisions"}],"wp:featuredmedia":[{"embeddable":true,"href":"https:\/\/www.europesays.com\/fr\/wp-json\/wp\/v2\/media\/288412"}],"wp:attachment":[{"href":"https:\/\/www.europesays.com\/fr\/wp-json\/wp\/v2\/media?parent=288411"}],"wp:term":[{"taxonomy":"category","embeddable":true,"href":"https:\/\/www.europesays.com\/fr\/wp-json\/wp\/v2\/categories?post=288411"},{"taxonomy":"post_tag","embeddable":true,"href":"https:\/\/www.europesays.com\/fr\/wp-json\/wp\/v2\/tags?post=288411"}],"curies":[{"name":"wp","href":"https:\/\/api.w.org\/{rel}","templated":true}]}}