{"id":288413,"date":"2025-08-01T06:41:15","date_gmt":"2025-08-01T06:41:15","guid":{"rendered":"https:\/\/www.europesays.com\/fr\/288413\/"},"modified":"2025-08-01T06:41:15","modified_gmt":"2025-08-01T06:41:15","slug":"team-usa-roger-de-coster-prend-sa-retraite","status":"publish","type":"post","link":"https:\/\/www.europesays.com\/fr\/288413\/","title":{"rendered":"Team USA : Roger De Coster prend sa retraite"},"content":{"rendered":"<p class=\"text-sm text-center\">Publi\u00e9 par <strong>Alex<\/strong> le vendredi 1 ao\u00fbt 2025 \u00e0 07:06<\/p>\n<p><a href=\"https:\/\/www.europesays.com\/fr\/wp-content\/uploads\/2025\/08\/roger.jpg\"><img fetchpriority=\"high\" decoding=\"async\" src=\"https:\/\/www.europesays.com\/fr\/wp-content\/uploads\/2025\/08\/roger.jpg\" alt=\"\" width=\"1200\" height=\"671\" class=\"size-full wp-image-344824\"  \/><\/a><\/p>\n<p>Roger De Coster, l\u00e9gende du Hall of Fame de l\u2019AMA, a pris sa retraite en tant que manager de l\u2019\u00e9quipe am\u00e9ricaine du Motocross des Nations apr\u00e8s une carri\u00e8re remarquable de 44 ans durant laquelle il a men\u00e9 les pilotes am\u00e9ricains \u00e0 25 titres lors de cet \u00e9v\u00e9nement mondial annuel de la FIM. Ancien quintuple champion du monde 500cc et pilote belge de renom, De Coster a dirig\u00e9 l\u2019\u00e9quipe USA 36 fois au MXoN, remportant 21 victoires au Motocross des Nations et 4 au Troph\u00e9e des Nations, \u00e9tablissant ainsi un palmar\u00e8s in\u00e9gal\u00e9 qui fait de lui l\u2019un des ambassadeurs les plus influents du motocross mondial. \u00c0 partir de cette ann\u00e9e, c\u2019est le directeur des courses de l\u2019AMA qui prendra la rel\u00e8ve pour diriger l\u2019\u00e9quipe, marquant la fin d\u2019une \u00e9poque exceptionnelle pour ce sportif induct\u00e9 au Hall of Fame en 1999 et reconnu comme une l\u00e9gende en 2011.<\/p>\n<p><strong>La r\u00e9daction.<\/strong><\/p>\n","protected":false},"excerpt":{"rendered":"Publi\u00e9 par Alex le vendredi 1 ao\u00fbt 2025 \u00e0 07:06 Roger De Coster, l\u00e9gende du Hall of Fame&hellip;\n","protected":false},"author":2,"featured_media":288414,"comment_status":"","ping_status":"","sticky":false,"template":"","format":"standard","meta":{"footnotes":""},"categories":[1589],"tags":[11,73,1866,12,1864,1865,1863,308],"class_list":{"0":"post-288413","1":"post","2":"type-post","3":"status-publish","4":"format-standard","5":"has-post-thumbnail","7":"category-etats-unis","8":"tag-actualites","9":"tag-etats-unis","10":"tag-etats-unis-damerique","11":"tag-news","12":"tag-united-states","13":"tag-united-states-of-america","14":"tag-us","15":"tag-usa"},"share_on_mastodon":{"url":"https:\/\/pubeurope.com\/@fr\/114952148547744534","error":""},"_links":{"self":[{"href":"https:\/\/www.europesays.com\/fr\/wp-json\/wp\/v2\/posts\/288413","targetHints":{"allow":["GET"]}}],"collection":[{"href":"https:\/\/www.europesays.com\/fr\/wp-json\/wp\/v2\/posts"}],"about":[{"href":"https:\/\/www.europesays.com\/fr\/wp-json\/wp\/v2\/types\/post"}],"author":[{"embeddable":true,"href":"https:\/\/www.europesays.com\/fr\/wp-json\/wp\/v2\/users\/2"}],"replies":[{"embeddable":true,"href":"https:\/\/www.europesays.com\/fr\/wp-json\/wp\/v2\/comments?post=288413"}],"version-history":[{"count":0,"href":"https:\/\/www.europesays.com\/fr\/wp-json\/wp\/v2\/posts\/288413\/revisions"}],"wp:featuredmedia":[{"embeddable":true,"href":"https:\/\/www.europesays.com\/fr\/wp-json\/wp\/v2\/media\/288414"}],"wp:attachment":[{"href":"https:\/\/www.europesays.com\/fr\/wp-json\/wp\/v2\/media?parent=288413"}],"wp:term":[{"taxonomy":"category","embeddable":true,"href":"https:\/\/www.europesays.com\/fr\/wp-json\/wp\/v2\/categories?post=288413"},{"taxonomy":"post_tag","embeddable":true,"href":"https:\/\/www.europesays.com\/fr\/wp-json\/wp\/v2\/tags?post=288413"}],"curies":[{"name":"wp","href":"https:\/\/api.w.org\/{rel}","templated":true}]}}