{"id":288421,"date":"2025-08-01T06:45:14","date_gmt":"2025-08-01T06:45:14","guid":{"rendered":"https:\/\/www.europesays.com\/fr\/288421\/"},"modified":"2025-08-01T06:45:14","modified_gmt":"2025-08-01T06:45:14","slug":"les-dessous-explosifs-de-laccord-commercial-ue-usa","status":"publish","type":"post","link":"https:\/\/www.europesays.com\/fr\/288421\/","title":{"rendered":"les dessous explosifs de l\u2019accord commercial UE-USA"},"content":{"rendered":"<p>L\u2019annonce d\u2019un <strong>accord commercial<\/strong> entre les <strong>\u00c9tats-Unis<\/strong> et l\u2019<strong>Union europ\u00e9enne<\/strong> a provoqu\u00e9 de vives r\u00e9actions sur la sc\u00e8ne internationale. R\u00e9v\u00e9l\u00e9 le <strong>dimanche 27 juillet 2025<\/strong>, cet accord sur les droits de douane est per\u00e7u par les Am\u00e9ricains comme une grande avanc\u00e9e, tandis que la classe politique fran\u00e7aise le critique unanimement. Ce d\u00e9veloppement a des r\u00e9percussions notables sur les relations transatlantiques et soul\u00e8ve des interrogations sur l\u2019avenir des \u00e9changes mondiaux.<\/p>\n<p>R\u00e9actions diverses en France<\/p>\n<p>La premi\u00e8re r\u00e9action officielle du pr\u00e9sident fran\u00e7ais, <strong>Emmanuel Macron<\/strong>, est arriv\u00e9e le <strong>mercredi 30 juillet<\/strong> apr\u00e8s trois jours de silence. Il a qualifi\u00e9 l\u2019accord de premi\u00e8re \u00e9tape dans un processus de n\u00e9gociation plus large. Tout en saluant la visibilit\u00e9 et la pr\u00e9visibilit\u00e9 \u00e0 court terme que cet accord offre, Macron rappelle que \u00ab\u00a0ce n\u2019est pas la fin de l\u2019histoire\u00a0\u00bb. Il insiste sur le fait que l\u2019Europe doit se consid\u00e9rer davantage comme une puissance pour \u00eatre libre et craint.<\/p>\n<p>D\u2019autres responsables politiques fran\u00e7ais n\u2019ont pas m\u00e2ch\u00e9 leurs mots. <strong>Fran\u00e7ois Bayrou<\/strong> a parl\u00e9 \u00ab\u00a0d\u2019humiliation\u00a0\u00bb et de soumission\u00a0\u00bb, tandis que <strong>Sophie Primas<\/strong> a mis en avant le respect des \u00ab\u00a0lignes rouges\u00a0\u00bb fran\u00e7aises, notamment l\u2019absence de concessions pour les fili\u00e8res agricoles et le maintien de l\u2019autonomie r\u00e9glementaire, en particulier au niveau des normes sanitaires et environnementales.<\/p>\n<p>Les ministres fran\u00e7ais, dont <strong>\u00c9ric Lombard<\/strong>, <strong>Marc Ferracci<\/strong>, <strong>Benjamin Haddad<\/strong> et <strong>Laurent Saint-Martin<\/strong>, se sont exprim\u00e9s en d\u00e9fendant l\u2019accord, arguant qu\u2019il apporte stabilit\u00e9 et pr\u00e9vient des cons\u00e9quences plus lourdes.<\/p>\n<p>Les points cl\u00e9s de l\u2019accord<\/p>\n<p>L\u2019accord pr\u00e9voit des exemptions de droits de douane pour certaines fili\u00e8res exportatrices importantes, notamment dans le secteur a\u00e9ronautique. Aucune concession n\u2019a \u00e9t\u00e9 accord\u00e9e aux fili\u00e8res agricoles, ce qui permet de garder l\u2019autonomie r\u00e9glementaire des normes sanitaires et environnementales. La commission europ\u00e9enne s\u2019est assur\u00e9e que ces points soient respect\u00e9s pour pr\u00e9server les int\u00e9r\u00eats europ\u00e9ens.<\/p>\n<p>Par ailleurs, aucune nouvelle taxe sur la valeur ajout\u00e9e (TVA) n\u2019a \u00e9t\u00e9 instaur\u00e9e et le secteur a\u00e9ronautique b\u00e9n\u00e9ficie d\u2019une exemption significative. Ces mesures montrent bien la volont\u00e9 de prot\u00e9ger certains secteurs strat\u00e9giques tout en maintenant un dialogue constructif avec Washington.<\/p>\n<p>Les prochaines \u00e9tapes \u00e0 venir<\/p>\n<p>Pour officialiser cet accord tr\u00e8s discut\u00e9, plusieurs \u00e9tapes devront \u00eatre franchies. L\u2019objectif principal est d\u2019obtenir de nouvelles exemptions pour l\u2019Union europ\u00e9enne afin de r\u00e9\u00e9quilibrer les \u00e9changes commerciaux, surtout dans le domaine des services. Emmanuel Macron a soulign\u00e9 \u00ab\u00a0l\u2019urgence \u00e0 acc\u00e9l\u00e9rer l\u2019agenda europ\u00e9en de souverainet\u00e9 et de comp\u00e9titivit\u00e9\u00a0\u00bb, mettant en avant la n\u00e9cessit\u00e9 d\u2019une Europe plus forte sur la sc\u00e8ne internationale.<\/p>\n<p>Les discussions avec Washington ne s\u2019arr\u00eatent pas l\u00e0. D\u2019autres n\u00e9gociations seront indispensables pour aborder des secteurs comme le vin et les cosm\u00e9tiques, o\u00f9 Paris milite pour l\u2019utilisation d\u2019outils anti-coercition.<\/p>\n<p>Un paysage g\u00e9opolitique \u00e9pineux<\/p>\n<p>L\u2019annonce commune du pr\u00e9sident am\u00e9ricain <strong>Donald Trump<\/strong> et de la pr\u00e9sidente de la Commission europ\u00e9enne <strong>Ursula von der Leyen<\/strong> r\u00e9v\u00e8le un paysage g\u00e9opolitique pour le moins complexe. Si les critiques ont \u00e9t\u00e9 particuli\u00e8rement vives en France, elles se sont montr\u00e9es moins intenses en Allemagne, en Espagne ou en Italie. Cette variation montre bien les d\u00e9fis rencontr\u00e9s par l\u2019Union europ\u00e9enne dans sa qu\u00eate d\u2019une politique commerciale harmonieuse face aux grandes puissances.<\/p>\n","protected":false},"excerpt":{"rendered":"L\u2019annonce d\u2019un accord commercial entre les \u00c9tats-Unis et l\u2019Union europ\u00e9enne a provoqu\u00e9 de vives r\u00e9actions sur la sc\u00e8ne&hellip;\n","protected":false},"author":2,"featured_media":288422,"comment_status":"","ping_status":"","sticky":false,"template":"","format":"standard","meta":{"footnotes":""},"categories":[1586],"tags":[11,1777,674,1779,1011,27,12,25,1778,364],"class_list":{"0":"post-288421","1":"post","2":"type-post","3":"status-publish","4":"format-standard","5":"has-post-thumbnail","7":"category-europe","8":"tag-actualites","9":"tag-eu","10":"tag-europe","11":"tag-european-union","12":"tag-fr","13":"tag-france","14":"tag-news","15":"tag-republique-francaise","16":"tag-ue","17":"tag-union-europeenne"},"share_on_mastodon":{"url":"https:\/\/pubeurope.com\/@fr\/114952164094083778","error":""},"_links":{"self":[{"href":"https:\/\/www.europesays.com\/fr\/wp-json\/wp\/v2\/posts\/288421","targetHints":{"allow":["GET"]}}],"collection":[{"href":"https:\/\/www.europesays.com\/fr\/wp-json\/wp\/v2\/posts"}],"about":[{"href":"https:\/\/www.europesays.com\/fr\/wp-json\/wp\/v2\/types\/post"}],"author":[{"embeddable":true,"href":"https:\/\/www.europesays.com\/fr\/wp-json\/wp\/v2\/users\/2"}],"replies":[{"embeddable":true,"href":"https:\/\/www.europesays.com\/fr\/wp-json\/wp\/v2\/comments?post=288421"}],"version-history":[{"count":0,"href":"https:\/\/www.europesays.com\/fr\/wp-json\/wp\/v2\/posts\/288421\/revisions"}],"wp:featuredmedia":[{"embeddable":true,"href":"https:\/\/www.europesays.com\/fr\/wp-json\/wp\/v2\/media\/288422"}],"wp:attachment":[{"href":"https:\/\/www.europesays.com\/fr\/wp-json\/wp\/v2\/media?parent=288421"}],"wp:term":[{"taxonomy":"category","embeddable":true,"href":"https:\/\/www.europesays.com\/fr\/wp-json\/wp\/v2\/categories?post=288421"},{"taxonomy":"post_tag","embeddable":true,"href":"https:\/\/www.europesays.com\/fr\/wp-json\/wp\/v2\/tags?post=288421"}],"curies":[{"name":"wp","href":"https:\/\/api.w.org\/{rel}","templated":true}]}}