{"id":288425,"date":"2025-08-01T06:47:10","date_gmt":"2025-08-01T06:47:10","guid":{"rendered":"https:\/\/www.europesays.com\/fr\/288425\/"},"modified":"2025-08-01T06:47:10","modified_gmt":"2025-08-01T06:47:10","slug":"une-mauvaise-nouvelle-se-prepare-pour-les-futurs-proprietaires","status":"publish","type":"post","link":"https:\/\/www.europesays.com\/fr\/288425\/","title":{"rendered":"une mauvaise nouvelle se pr\u00e9pare pour les futurs propri\u00e9taires"},"content":{"rendered":"<p><strong>D\u00c9CRYPTAGE<\/strong> &#8211; La remont\u00e9e des taux de cr\u00e9dit n\u2019est pas la seule ombre qui menace les emprunteurs immobiliers pour la rentr\u00e9e. Ils devront aussi \u00eatre vigilants en mati\u00e8re de fiscalit\u00e9.<\/p>\n<p class=\"fig-paragraph\">\u00abLa situation n\u2019est pas tenable\u00a0! Une hausse durable des taux de cr\u00e9dit est in\u00e9vitable \u00e0 la rentr\u00e9e\u00bb, confie au Figaro un banquier. Le flou autour des\u00a0<a href=\"http:\/\/www.lefigaro.fr\/conjoncture\/inflation-et-croissance-en-baisse-tensions-politiques-le-budget-2026-dans-l-impasse-20250612\" data-fig-type=\"Article\" data-gtm-custom-categorie=\"navigation\" data-gtm-custom-action=\"crossclick\" data-gtm-custom-label=\"Contextuel\" data-gtm-event=\"customEventSPE\" data-fig-domain=\"LEFIGARO\" target=\"_blank\" rel=\"noopener\">finances publiques<\/a>\u00a0et les tensions autour des\u00a0<a href=\"http:\/\/www.lefigaro.fr\/conjoncture\/droits-de-douane-l-accord-entre-l-ue-et-les-etats-unis-est-desequilibre-reagit-la-france-20250728\" data-fig-type=\"NewsFlash\" data-gtm-custom-categorie=\"navigation\" data-gtm-custom-action=\"crossclick\" data-gtm-custom-label=\"Contextuel\" data-gtm-event=\"customEventSPE\" data-fig-domain=\"LEFIGARO\" target=\"_blank\" rel=\"noopener\">droits de douane<\/a>\u00a0font peser une menace sur le portefeuille des Fran\u00e7ais. Certes, en un an et demi,\u00a0<a href=\"https:\/\/immobilier.lefigaro.fr\/article\/les-taux-de-credit-immobilier-vont-ils-chuter-sous-les-3-en-2025_fd3ee4b0-c9e6-11ef-b2d3-88deaa41d234\/\" target=\"_blank\" data-fig-type=\"Article\" rel=\"sponsored noopener\" data-gtm-custom-categorie=\"navigation\" data-gtm-custom-action=\"crossclick\" data-gtm-custom-label=\"Contextuel\" data-gtm-event=\"customEventSPE\" data-fig-domain=\"IMMOBILIER\">les taux ont baiss\u00e9<\/a>\u00a0de plus d\u2019un point (de 4,15% \u00e0 3,08%, toutes dur\u00e9es confondues, voir ci-dessous)), faisant \u00e9conomiser environ 30.000 euros aux futurs propri\u00e9taires. Mais, depuis plusieurs mois, les banques perdent de l\u2019argent en accordant des pr\u00eats immobiliers aux m\u00e9nages. La source qui coule \u00e0 flots depuis 18 mois, pourrait se tarir \u00e0 la rentr\u00e9e.<\/p>\n<p class=\"fig-paragraph\">\u00abLes banques r\u00e9fl\u00e9chissent \u00e0\u00a0<a href=\"https:\/\/immobilier.lefigaro.fr\/article\/une-remontee-des-taux-de-credit-immobilier-est-a-craindre-en-2026-20250722\/\" target=\"_blank\" data-fig-type=\"Article\" rel=\"sponsored noopener\" data-gtm-custom-categorie=\"navigation\" data-gtm-custom-action=\"crossclick\" data-gtm-custom-label=\"Contextuel\" data-gtm-event=\"customEventSPE\" data-fig-domain=\"IMMOBILIER\">augmenter leurs taux de cr\u00e9dit<\/a> . Des mauvaises surprises sont peut-\u00eatre \u00e0 craindre \u00e0 la rentr\u00e9e, mais pas forc\u00e9ment pour toutes les banques\u00bb, affirme Aga Bojarska-Serres, directrice g\u00e9n\u00e9rale adjointe de Meilleurtaux, en charge de l\u2019ensemble des activit\u00e9s de cr\u00e9dit et ancienne banqui\u00e8re du CCF (ex-HSBC France). Le courtier Empruntis confirme cette tendance d\u2019une remont\u00e9e des taux. \u00abLes banques se trouvent dans une position\u2026<\/p>\n<p class=\"fig-premium-paywall__infos\">\n        Cet article est r\u00e9serv\u00e9 aux abonn\u00e9s.        Il vous reste 85% \u00e0 d\u00e9couvrir.\n    <\/p>\n<p>                <img  data- alt=\"Le Figaro\" class=\"fig-img--complete fig-img\"\/><\/p>\n<p class=\"fig-premium-paywall__title\">Vous avez envie de lire la suite ?<\/p>\n<p class=\"fig-premium-paywall__subtitle\">D\u00e9bloquez tous les articles imm\u00e9diatement.<\/p>\n<p class=\"fig-premium-paywall__connect\">\n                D\u00e9j\u00e0 abonn\u00e9\u00a0?                <a class=\"fig-premium-paywall__connect-link\" href=\"https:\/\/connect.lefigaro.fr\/login?client=horizon_web&amp;type=main&amp;redirect_uri=https%3A%2F%2Fwww.lefigaro.fr%2Fargent%2Fimmobilier-une-mauvaise-nouvelle-se-prepare-pour-les-futurs-proprietaires-20250801\" data-js-gtm=\"{&quot;customCategorie&quot;: &quot;conversion&quot;, &quot;customAction&quot;: &quot;before_Landing_Connexion_paywall_manuel&quot;, &quot;customLabel&quot;: &quot;bGVmaWdhcm8uZnJfXzFmMDZkZTU5LWNkMzYtNmViOC1hMTFkLTM5YjAxYTkzM2UzNF9fQXJ0aWNsZQ==_Immobilier\u00a0: une mauvaise nouvelle se pr\u00e9pare pour les futurs propri\u00e9taires_453&quot;, &quot;customIDSPE&quot;: &quot;bGVmaWdhcm8uZnJfXzFmMDZkZTU5LWNkMzYtNmViOC1hMTFkLTM5YjAxYTkzM2UzNF9fQXJ0aWNsZQ==&quot;, &quot;event&quot;: &quot;customEventSPE&quot;}\" target=\"_blank\" rel=\"noopener\"><br \/>\n                    Connectez-vous<br \/>\n                <\/a>\n            <\/p>\n","protected":false},"excerpt":{"rendered":"D\u00c9CRYPTAGE &#8211; La remont\u00e9e des taux de cr\u00e9dit n\u2019est pas la seule ombre qui menace les emprunteurs immobiliers&hellip;\n","protected":false},"author":2,"featured_media":288426,"comment_status":"","ping_status":"","sticky":false,"template":"","format":"standard","meta":{"footnotes":""},"categories":[2],"tags":[11,42735,1011,27,1116,12,25],"class_list":{"0":"post-288425","1":"post","2":"type-post","3":"status-publish","4":"format-standard","5":"has-post-thumbnail","7":"category-actualites","8":"tag-actualites","9":"tag-credit-immobilier","10":"tag-fr","11":"tag-france","12":"tag-immobilier","13":"tag-news","14":"tag-republique-francaise"},"share_on_mastodon":{"url":"https:\/\/pubeurope.com\/@fr\/114952171921754064","error":""},"_links":{"self":[{"href":"https:\/\/www.europesays.com\/fr\/wp-json\/wp\/v2\/posts\/288425","targetHints":{"allow":["GET"]}}],"collection":[{"href":"https:\/\/www.europesays.com\/fr\/wp-json\/wp\/v2\/posts"}],"about":[{"href":"https:\/\/www.europesays.com\/fr\/wp-json\/wp\/v2\/types\/post"}],"author":[{"embeddable":true,"href":"https:\/\/www.europesays.com\/fr\/wp-json\/wp\/v2\/users\/2"}],"replies":[{"embeddable":true,"href":"https:\/\/www.europesays.com\/fr\/wp-json\/wp\/v2\/comments?post=288425"}],"version-history":[{"count":0,"href":"https:\/\/www.europesays.com\/fr\/wp-json\/wp\/v2\/posts\/288425\/revisions"}],"wp:featuredmedia":[{"embeddable":true,"href":"https:\/\/www.europesays.com\/fr\/wp-json\/wp\/v2\/media\/288426"}],"wp:attachment":[{"href":"https:\/\/www.europesays.com\/fr\/wp-json\/wp\/v2\/media?parent=288425"}],"wp:term":[{"taxonomy":"category","embeddable":true,"href":"https:\/\/www.europesays.com\/fr\/wp-json\/wp\/v2\/categories?post=288425"},{"taxonomy":"post_tag","embeddable":true,"href":"https:\/\/www.europesays.com\/fr\/wp-json\/wp\/v2\/tags?post=288425"}],"curies":[{"name":"wp","href":"https:\/\/api.w.org\/{rel}","templated":true}]}}