{"id":288431,"date":"2025-08-01T06:50:10","date_gmt":"2025-08-01T06:50:10","guid":{"rendered":"https:\/\/www.europesays.com\/fr\/288431\/"},"modified":"2025-08-01T06:50:10","modified_gmt":"2025-08-01T06:50:10","slug":"ca-se-passe-plutot-bien-en-beach-volley-aux-jeux-pour-le-duo-cormier-joseph-de-sept-iles","status":"publish","type":"post","link":"https:\/\/www.europesays.com\/fr\/288431\/","title":{"rendered":"\u00c7a se passe plut\u00f4t bien en beach-volley aux Jeux pour le duo Cormier-Joseph de Sept-\u00celes"},"content":{"rendered":"<p> <img decoding=\"async\" class=\"lazyload\" src=\"https:\/\/www.europesays.com\/fr\/wp-content\/uploads\/2025\/08\/Volleyball-de-plage-432x381.jpg\" alt=\"\" title=\"Volleyball de plage\"\/>Les repr\u00e9sentants de la C\u00f4te-Nord en volleyball de plage Cody Cormier et Gabriel Joseph posent avec l&rsquo;entra\u00eeneure Audrey Desroches. (Photo Courtoisie)<\/p>\n<p><strong>Aux Jeux du Qu\u00e9bec \u00e0 Trois-Rivi\u00e8res, le duo masculin en volleyball de plage form\u00e9 de Gabriel Joseph et Cody Cormier de Sept-\u00celes est class\u00e9 pour une place en ronde des m\u00e9dailles. Ils affronteront les porte-couleurs de la Mauricie en quart de finale.<\/strong><\/p>\n<p>Cormier et Joseph tenteront de se racheter face \u00e0 leurs rivaux qui les ont vaincus hier. Ils s\u2019\u00e9taient d\u2019abord assur\u00e9s de jouer pour les positions 1 \u00e0 8 demain avec deux victoires ce matin \u00e0 Trois-Rivi\u00e8res.<\/p>\n<p>Du c\u00f4t\u00e9 f\u00e9minin, les Septiliennes Ma\u00e9 Lachance et Jeanne Morin se mesureront \u00e0 l\u2019Abitibi-T\u00e9miscamingue pour la ronde demi-finale des positions 9 \u00e0 12.<\/p>\n<p><strong>\u00c0 l\u2019eau<\/strong><\/p>\n<p>\u00c0 la natation, le Septilien F\u00e9lix Beauchemin pr\u00e9sente le meilleur r\u00e9sultat de la d\u00e9l\u00e9gation C\u00f4te-Nord jusqu\u2019\u00e0 maintenant, avec une 17e\u00a0place au 100 m papillon. Il a rat\u00e9 de peu la finale B. Il a bien fait \u00e9galement au 200 m libre avec une 18e position. F\u00e9lix Beauchemin a r\u00e9alis\u00e9 ses meilleurs temps personnels lors de ces deux \u00e9preuves \u00e0 la piscine de l\u2019Universit\u00e9 de Trois-Rivi\u00e8res.<\/p>\n<p>Soulignons une am\u00e9lioration de temps significative, soit de pr\u00e8s de 50 secondes, pour Fran\u00e7ois Tremblay (Sept-\u00celes), au 400 m quatre nages. En eau libre, Alexia Bellemare et Florence Turbide ont uni leurs efforts pour une 10e place au relais f\u00e9minin.<\/p>\n<p><strong>Bon pour le moral<\/strong><\/p>\n<p>L\u2019\u00e9quipe f\u00e9minine de soccer a remport\u00e9 une victoire morale, en tir de barrage contre l\u2019Abitibi-T\u00e9miscamingue. Il y avait 15 ans que la r\u00e9gion n\u2019a pas gagn\u00e9 un match de soccer aux Jeux provinciaux chez les filles. Chez les gars, la C\u00f4te-Nord a encaiss\u00e9 une d\u00e9faite de 7-1 contre l\u2019Abitibi-T\u00e9miscamingue.<\/p>\n","protected":false},"excerpt":{"rendered":"Les repr\u00e9sentants de la C\u00f4te-Nord en volleyball de plage Cody Cormier et Gabriel Joseph posent avec l&rsquo;entra\u00eeneure Audrey&hellip;\n","protected":false},"author":2,"featured_media":288432,"comment_status":"","ping_status":"","sticky":false,"template":"","format":"standard","meta":{"footnotes":""},"categories":[1417],"tags":[1011,27,60,1470,1469],"class_list":{"0":"post-288431","1":"post","2":"type-post","3":"status-publish","4":"format-standard","5":"has-post-thumbnail","7":"category-volley","8":"tag-fr","9":"tag-france","10":"tag-sports","11":"tag-volley","12":"tag-volleyball"},"share_on_mastodon":{"url":"https:\/\/pubeurope.com\/@fr\/114952183855488916","error":""},"_links":{"self":[{"href":"https:\/\/www.europesays.com\/fr\/wp-json\/wp\/v2\/posts\/288431","targetHints":{"allow":["GET"]}}],"collection":[{"href":"https:\/\/www.europesays.com\/fr\/wp-json\/wp\/v2\/posts"}],"about":[{"href":"https:\/\/www.europesays.com\/fr\/wp-json\/wp\/v2\/types\/post"}],"author":[{"embeddable":true,"href":"https:\/\/www.europesays.com\/fr\/wp-json\/wp\/v2\/users\/2"}],"replies":[{"embeddable":true,"href":"https:\/\/www.europesays.com\/fr\/wp-json\/wp\/v2\/comments?post=288431"}],"version-history":[{"count":0,"href":"https:\/\/www.europesays.com\/fr\/wp-json\/wp\/v2\/posts\/288431\/revisions"}],"wp:featuredmedia":[{"embeddable":true,"href":"https:\/\/www.europesays.com\/fr\/wp-json\/wp\/v2\/media\/288432"}],"wp:attachment":[{"href":"https:\/\/www.europesays.com\/fr\/wp-json\/wp\/v2\/media?parent=288431"}],"wp:term":[{"taxonomy":"category","embeddable":true,"href":"https:\/\/www.europesays.com\/fr\/wp-json\/wp\/v2\/categories?post=288431"},{"taxonomy":"post_tag","embeddable":true,"href":"https:\/\/www.europesays.com\/fr\/wp-json\/wp\/v2\/tags?post=288431"}],"curies":[{"name":"wp","href":"https:\/\/api.w.org\/{rel}","templated":true}]}}