{"id":288435,"date":"2025-08-01T06:52:11","date_gmt":"2025-08-01T06:52:11","guid":{"rendered":"https:\/\/www.europesays.com\/fr\/288435\/"},"modified":"2025-08-01T06:52:11","modified_gmt":"2025-08-01T06:52:11","slug":"atp-nicolas-massu-je-pense-qualcaraz-est-au-meme-niveau-que-nadal-au-meme-age-tandis-que-sinner-est-un-peu-plus-dans-la-lignee-de-federer-et-djokovic","status":"publish","type":"post","link":"https:\/\/www.europesays.com\/fr\/288435\/","title":{"rendered":"ATP > Nicolas Massu : \u00ab\u00a0Je pense qu&rsquo;Alcaraz est au m\u00eame niveau que Nadal au m\u00eame \u00e2ge tandis que Sinner est un peu plus dans la lign\u00e9e de Federer et Djokovic\u00a0\u00bb"},"content":{"rendered":"<p>R\u00e9cemment invit\u00e9 de l\u2019\u00e9mis\u00adsion \u00ab\u202fTennis Show\u202f\u00bb sur ESPN, l\u2019an\u00adcien 9e joueur mondial, Nicolas Massu, est revenu sur les nombreuses compa\u00adrai\u00adsons entre, d\u2019un c\u00f4t\u00e9, Carlos Alcaraz et Jannik Sinner et, de l\u2019autre, le Big 3 incarn\u00e9 par Roger Federer, Rafael Nadal et Novak Djokovic.\u00a0<\/p>\n<p><strong>\u00ab\u202fJe me souviens de l\u2019ar\u00adriv\u00e9e de Nadal sur le circuit. Je pense qu\u2019Alcaraz est au m\u00eame niveau et au m\u00eame \u00e2ge. Par contre, Sinner est un peu plus dans la lign\u00e9e de Federer et Djokovic\u00a0: ils ont gagn\u00e9 leur premier Grand Chelem un peu plus tard, et ils ont commenc\u00e9 \u00e0 faire preuve de matu\u00adrit\u00e9 \u00e0 21 ou 22 ans. Alcaraz et Nadal ont \u00e9t\u00e9 tr\u00e8s bons tr\u00e8s jeunes, \u00e0 18 ou 19 ans. Le tennis est entre de tr\u00e8s bonnes mains.\u202f\u00bb<\/strong><\/p>\n<p class=\"post-published-date\" style=\"color: silver; font-size: 75%; text-align: left;\">Publi\u00e9 le vendredi 1 ao\u00fbt 2025 \u00e0 08:08<\/p>\n","protected":false},"excerpt":{"rendered":"R\u00e9cemment invit\u00e9 de l\u2019\u00e9mis\u00adsion \u00ab\u202fTennis Show\u202f\u00bb sur ESPN, l\u2019an\u00adcien 9e joueur mondial, Nicolas Massu, est revenu sur les&hellip;\n","protected":false},"author":2,"featured_media":251965,"comment_status":"","ping_status":"","sticky":false,"template":"","format":"standard","meta":{"footnotes":""},"categories":[1415],"tags":[1744,105,2199,1011,27,1960,2127,60,1467],"class_list":{"0":"post-288435","1":"post","2":"type-post","3":"status-publish","4":"format-standard","5":"has-post-thumbnail","7":"category-tennis","8":"tag-alcaraz","9":"tag-djokovic","10":"tag-federer","11":"tag-fr","12":"tag-france","13":"tag-nadal","14":"tag-sinner","15":"tag-sports","16":"tag-tennis"},"share_on_mastodon":{"url":"https:\/\/pubeurope.com\/@fr\/114952191503811876","error":""},"_links":{"self":[{"href":"https:\/\/www.europesays.com\/fr\/wp-json\/wp\/v2\/posts\/288435","targetHints":{"allow":["GET"]}}],"collection":[{"href":"https:\/\/www.europesays.com\/fr\/wp-json\/wp\/v2\/posts"}],"about":[{"href":"https:\/\/www.europesays.com\/fr\/wp-json\/wp\/v2\/types\/post"}],"author":[{"embeddable":true,"href":"https:\/\/www.europesays.com\/fr\/wp-json\/wp\/v2\/users\/2"}],"replies":[{"embeddable":true,"href":"https:\/\/www.europesays.com\/fr\/wp-json\/wp\/v2\/comments?post=288435"}],"version-history":[{"count":0,"href":"https:\/\/www.europesays.com\/fr\/wp-json\/wp\/v2\/posts\/288435\/revisions"}],"wp:featuredmedia":[{"embeddable":true,"href":"https:\/\/www.europesays.com\/fr\/wp-json\/wp\/v2\/media\/251965"}],"wp:attachment":[{"href":"https:\/\/www.europesays.com\/fr\/wp-json\/wp\/v2\/media?parent=288435"}],"wp:term":[{"taxonomy":"category","embeddable":true,"href":"https:\/\/www.europesays.com\/fr\/wp-json\/wp\/v2\/categories?post=288435"},{"taxonomy":"post_tag","embeddable":true,"href":"https:\/\/www.europesays.com\/fr\/wp-json\/wp\/v2\/tags?post=288435"}],"curies":[{"name":"wp","href":"https:\/\/api.w.org\/{rel}","templated":true}]}}