{"id":288457,"date":"2025-08-01T07:06:13","date_gmt":"2025-08-01T07:06:13","guid":{"rendered":"https:\/\/www.europesays.com\/fr\/288457\/"},"modified":"2025-08-01T07:06:13","modified_gmt":"2025-08-01T07:06:13","slug":"laetitia-casta-et-louis-garrel-separation-choc-apres-10-ans-de-vie-commune","status":"publish","type":"post","link":"https:\/\/www.europesays.com\/fr\/288457\/","title":{"rendered":"Laetitia Casta et Louis Garrel : s\u00e9paration choc apr\u00e8s 10 ans de vie commune"},"content":{"rendered":"<p>La fin d&rsquo;une belle histoire. <a href=\"https:\/\/www.public.fr\/laetitia-casta-cest-fini-avec-louis\" target=\"_blank\" rel=\"noopener\">Quelques semaines seulement apr\u00e8s nos r\u00e9v\u00e9lations exclusives<\/a>, nos confr\u00e8res de Paris Match ont annonc\u00e9 <strong>la rupture d&rsquo;un couple phare du cin\u00e9ma fran\u00e7ais<\/strong>. Apr\u00e8s 10 ans de vie commune, <strong><a href=\"https:\/\/www.public.fr\/tag\/laetitia-casta\" target=\"_blank\" rel=\"noopener\">Laetitia Casta<\/a> et <a href=\"https:\/\/www.instagram.com\/louisgarrel_official\/?hl=fr\" target=\"_blank\" rel=\"noreferrer noopener\">Louis Garrel<\/a> <\/strong>ont visiblement choisi de prendre des chemins s\u00e9par\u00e9s. <\/p>\n<p>La fin du mariage de ce duo \u00e0 l&rsquo;\u00e9l\u00e9gance rare aurait \u00e9t\u00e9 d\u00e9cid\u00e9e \u00ab\u00a0au d\u00e9but de l&rsquo;\u00e9t\u00e9\u00a0\u00bb et se serait d\u00e9roul\u00e9e \u00ab\u00a0sans trop de fracas\u00a0\u00bb, pr\u00e9cise le magazine.<\/p>\n<p>Laetitia Casta pose ses valises en Corse<\/p>\n<p>Depuis, la com\u00e9dienne et mannequin de 47 ans tente malgr\u00e9 tout de se reconstruire. Et pour retrouver le sourire, elle aurait choisi de <strong>quitter l&rsquo;Hexagone pour rejoindre la Corse<\/strong>. Elle aurait en effet pos\u00e9 ses valises \u00e0 Lumio, o\u00f9 elle poss\u00e8de une demeure datant du XVe\u00a0si\u00e8cle. <\/p>\n<p>L\u00e0-bas, elle profiterait de ses proches, notamment de sa s\u0153ur, Marie-Ange Casta, mais aussi de ses quatre enfants. <\/p>\n<p>Rappelons en effet que Laetitia Casta a donn\u00e9 naissance \u00e0 son a\u00een\u00e9e <strong>Sahteene<\/strong> en 2001. \u00c0 l&rsquo;\u00e9poque, elle \u00e9tait en couple avec le photographe,\u00a0r\u00e9alisateur\u00a0et\u00a0producteur\u00a0franco-am\u00e9ricain\u00a0d&rsquo;origine\u00a0\u00e9gyptienne, St\u00e9phane Sednaoui. <\/p>\n<p>S\u00e9par\u00e9e du cin\u00e9aste, c&rsquo;est ensuite avec Stefano Accorsi qu&rsquo;elle a accueilli <strong>Orlando<\/strong> et <strong>Ath\u00e9na<\/strong> en\u00a02006 et\u00a02009. Plus r\u00e9cemment, en mars 2021, elle a aussi eu un fils pr\u00e9nomm\u00e9 <strong>Azel<\/strong> avec Louis Garrel. <\/p>\n<p>Une maternit\u00e9 pleinement assum\u00e9e<\/p>\n<p>Maman poule, elle tient visiblement \u00e0 <strong>pr\u00e9server la vie priv\u00e9e de ses marmots<\/strong>. Pour autant, c&rsquo;est dans les colonnes de Vanity Fair qu&rsquo;elle \u00e9voquait derni\u00e8rement <a href=\"https:\/\/www.public.fr\/laetitia-casta-rares-confidences-sur-sa-fille-sahteene-et-le-metier-bien-complique-quelle-a-choisi\" target=\"_blank\" rel=\"noopener\">l&rsquo;approche de sa fille sur le milieu<\/a>. <\/p>\n<p>\u00ab\u00a0Elle est bien plus lucide que je ne l\u2019\u00e9tais \u00e0 son \u00e2ge et porte un discours fort sur le milieu\u00a0\u00bb, confiait-elle. \u00ab\u00a0Elle fait partie de cette nouvelle g\u00e9n\u00e9ration \u00e9veill\u00e9e sur le monde, qui sait ce qui est juste\u00a0\u00bb. <\/p>\n<p>Bien qu&rsquo;\u00e0 l&rsquo;aise dans son r\u00f4le de m\u00e8re, Laetitia Casta ne s&rsquo;oublie pas \u00e0 travers la maternit\u00e9. \u00ab\u00a0<strong>J\u2019ai un rapport vrai avec eux, \u00e9mancip\u00e9, libre. M\u00eame si je m\u2019occupe beaucoup d\u2019eux, il m\u2019arrive de leur dire que je ne leur appartiens pas. Parce que je ne me r\u00e9sume pas \u00e0 la maternit\u00e9 et j\u2019ai besoin d\u2019autres choses pour m\u2019\u00e9panouir<\/strong>. Ils le savent et ils en font ce qu\u2019ils veulent. Peut-\u00eatre que \u00e7a les lib\u00e9rera aussi\u00a0\u00bb, a-t-elle d&rsquo;ailleurs d\u00e9clar\u00e9 \u00e0 nos confr\u00e8res du magazine Harper&rsquo;s Bazaar. C&rsquo;est dit !<\/p>\n<p>      Mentionn\u00e9s dans cet article<\/p>\n<p>      Sur le m\u00eame sujet<\/p>\n<p>  <script async src=\"\/\/www.instagram.com\/embed.js\"><\/script><\/p>\n","protected":false},"excerpt":{"rendered":"La fin d&rsquo;une belle histoire. Quelques semaines seulement apr\u00e8s nos r\u00e9v\u00e9lations exclusives, nos confr\u00e8res de Paris Match ont&hellip;\n","protected":false},"author":2,"featured_media":288458,"comment_status":"","ping_status":"","sticky":false,"template":"","format":"standard","meta":{"footnotes":""},"categories":[8],"tags":[58,59,1011,27,42737,42738,13559],"class_list":{"0":"post-288457","1":"post","2":"type-post","3":"status-publish","4":"format-standard","5":"has-post-thumbnail","7":"category-divertissement","8":"tag-divertissement","9":"tag-entertainment","10":"tag-fr","11":"tag-france","12":"tag-laetitia-casta","13":"tag-louis-garrel","14":"tag-rupture"},"share_on_mastodon":{"url":"https:\/\/pubeurope.com\/@fr\/114952246699832329","error":""},"_links":{"self":[{"href":"https:\/\/www.europesays.com\/fr\/wp-json\/wp\/v2\/posts\/288457","targetHints":{"allow":["GET"]}}],"collection":[{"href":"https:\/\/www.europesays.com\/fr\/wp-json\/wp\/v2\/posts"}],"about":[{"href":"https:\/\/www.europesays.com\/fr\/wp-json\/wp\/v2\/types\/post"}],"author":[{"embeddable":true,"href":"https:\/\/www.europesays.com\/fr\/wp-json\/wp\/v2\/users\/2"}],"replies":[{"embeddable":true,"href":"https:\/\/www.europesays.com\/fr\/wp-json\/wp\/v2\/comments?post=288457"}],"version-history":[{"count":0,"href":"https:\/\/www.europesays.com\/fr\/wp-json\/wp\/v2\/posts\/288457\/revisions"}],"wp:featuredmedia":[{"embeddable":true,"href":"https:\/\/www.europesays.com\/fr\/wp-json\/wp\/v2\/media\/288458"}],"wp:attachment":[{"href":"https:\/\/www.europesays.com\/fr\/wp-json\/wp\/v2\/media?parent=288457"}],"wp:term":[{"taxonomy":"category","embeddable":true,"href":"https:\/\/www.europesays.com\/fr\/wp-json\/wp\/v2\/categories?post=288457"},{"taxonomy":"post_tag","embeddable":true,"href":"https:\/\/www.europesays.com\/fr\/wp-json\/wp\/v2\/tags?post=288457"}],"curies":[{"name":"wp","href":"https:\/\/api.w.org\/{rel}","templated":true}]}}