{"id":288468,"date":"2025-08-01T07:12:17","date_gmt":"2025-08-01T07:12:17","guid":{"rendered":"https:\/\/www.europesays.com\/fr\/288468\/"},"modified":"2025-08-01T07:12:17","modified_gmt":"2025-08-01T07:12:17","slug":"nos-idees-sorties-du-week-end-des-8-9-et-10-aout-2025-dans-la-loire","status":"publish","type":"post","link":"https:\/\/www.europesays.com\/fr\/288468\/","title":{"rendered":"Nos id\u00e9es sorties du week-end des 8, 9 et 10 ao\u00fbt 2025 dans la Loire"},"content":{"rendered":"<p class=\"is-style-chapo\">Voici la s\u00e9lection de la r\u00e9daction de If Saint-Etienne pour se divertir et s\u2019amuser dans la Loire le week-end prochain, soit les 8, 9 et 10 ao\u00fbt. Une liste d\u2019\u00e9v\u00e9nements, s\u00e9lectionn\u00e9s de mani\u00e8re ind\u00e9pendante et, bien entendu, non-exhaustive.<\/p>\n<p><img loading=\"lazy\" decoding=\"async\" width=\"1024\" height=\"576\" src=\"https:\/\/www.europesays.com\/fr\/wp-content\/uploads\/2025\/07\/227256500_10158976189187479_4939014657205455231_n-e1627552977427-1024x576.jpg\" alt=\"Guinguette st\u00e9phanoise\" class=\"wp-image-14528\"  \/>\u00a9Ville de Saint-\u00c9tienne<\/p>\n<p>1 \u2013 De l\u2019art (bre)<\/p>\n<p>Samedi 9 ao\u00fbt \u00e0 partir de 13h, le site de <a href=\"https:\/\/www.hetreenforez.com\/event-details\/lart-dans-les-arbres\" target=\"_blank\" rel=\"noreferrer noopener\">Hetre en Forez<\/a>, situ\u00e9 \u00e0 <a href=\"https:\/\/www.if-saint-etienne.fr\/politique\/chalmazel-lheure-de-lapres-ski\" target=\"_blank\" rel=\"noreferrer noopener\">Chalmazel<\/a>, accueille \u00ab\u00a0L\u2019Art dans les arbres, quand la nature rencontre l\u2019art\u00a0\u00bb. Un \u00e9v\u00e9nement qui vise \u00e0 faire d\u00e9couvrir les richesses de la for\u00eat en pratiquant des activit\u00e9s dans les bois, mais aussi en assistant \u00e0 deux spectacles dans les arbres\u00a0: Yves Marie Bellot en trio (violoncelle, guitare, trompette et voix) puis la Compagnie Exuvie pour une prestation de cirque dans\u00e9 po\u00e9tique.<\/p>\n<p>2 \u2013 \u00c7a boom<\/p>\n<p>Cet \u00e9t\u00e9, les <a href=\"https:\/\/www.if-saint-etienne.fr\/breves\/saint-etienne-les-before-de-couriot-de-retour-cet-ete\" target=\"_blank\" rel=\"noreferrer noopener\">Before de Couriot<\/a> reviennent avec plus de 50 rendez-vous gratuits. Dimanche 10 ao\u00fbt, c\u2019est la boom de l\u2019\u00e9t\u00e9 qui investit le parc Joseph Sanguedolce, \u00e0 partir de 20h. Sur place, la guinguette propose boissons, snack de produits locaux et glaces artisanales.<\/p>\n<p>3 \u2013 Envoyez du bois<\/p>\n<p>Dimanche 10 ao\u00fbt, Doizieux accueille un Concours de d\u00e9bardage et de b\u00fbcheronnage sportif. La premi\u00e8re manche se d\u00e9roulera le matin avec 12 concurrents. Une seconde manche se d\u00e9roulera apr\u00e8s d\u00e9jeuner, l\u2019apr\u00e8s-midi, sur les deux disciplines, avant de cl\u00f4turer la journ\u00e9e avec un repas.<\/p>\n<p>4 \u2013 Apprenti sorcier<\/p>\n<p>Vendredi 8 ao\u00fbt \u00e0 15h, les apprentis sorciers sont invit\u00e9s \u00e0 participer \u00e0 Poudlard-en-Forez, \u00e0 <a href=\"https:\/\/www.marols.fr\/\" target=\"_blank\" rel=\"noreferrer noopener\">Marols<\/a>. Initiez-vous \u00e0 la sorcellerie et d\u00e9fendez votre \u00ab maison \u00bb. Sous la houlette du mage Adamas, missionn\u00e9 par Dumbledore, vous rel\u00e8verez des d\u00e9fis qui vous m\u00e8neront dans des recoins bien myst\u00e9rieux\u2026\u202f<\/p>\n<p>5 \u2013 La t\u00eate dans les \u00e9toiles<\/p>\n<p>L\u2019Arboretum des grands Murcins \u00e0 <a href=\"https:\/\/www.roannais-tourisme.com\/nature-et-outdoor\/sites-nature\/les-grands-murcins\/\" target=\"_blank\" rel=\"noreferrer noopener\">Arcons<\/a>, dans le Roannais, organise une soir\u00e9e gratuite samedi 9 ao\u00fbt \u00e0 partir de 21h, \u00e0 l\u2019occasion de la Nuit des \u00e9toiles. Un \u00e9v\u00e9nement avec observation et pr\u00e9sentation du ciel nocturne au t\u00e9lescope en visuel assist\u00e9 avec un t\u00e9lescope digital dans la clairi\u00e8re.<\/p>\n","protected":false},"excerpt":{"rendered":"Voici la s\u00e9lection de la r\u00e9daction de If Saint-Etienne pour se divertir et s\u2019amuser dans la Loire le&hellip;\n","protected":false},"author":2,"featured_media":111167,"comment_status":"","ping_status":"","sticky":false,"template":"","format":"standard","meta":{"footnotes":""},"categories":[9653],"tags":[14428,1111,11,2430,42739,1777,674,1011,27,14429,25887,12,41657,14430,25,4001,1669],"class_list":{"0":"post-288468","1":"post","2":"type-post","3":"status-publish","4":"format-standard","5":"has-post-thumbnail","7":"category-saint-etienne","8":"tag-activites-week-end-loire","9":"tag-actu","10":"tag-actualites","11":"tag-auvergne-rhone-alpes","12":"tag-chalmazel","13":"tag-eu","14":"tag-europe","15":"tag-fr","16":"tag-france","17":"tag-idees-sorties-loire","18":"tag-les-before-de-couriot","19":"tag-news","20":"tag-nuit-des-etoiles","21":"tag-recreatif","22":"tag-republique-francaise","23":"tag-saint-etienne","24":"tag-sorties"},"share_on_mastodon":{"url":"https:\/\/pubeurope.com\/@fr\/114952270289909803","error":""},"_links":{"self":[{"href":"https:\/\/www.europesays.com\/fr\/wp-json\/wp\/v2\/posts\/288468","targetHints":{"allow":["GET"]}}],"collection":[{"href":"https:\/\/www.europesays.com\/fr\/wp-json\/wp\/v2\/posts"}],"about":[{"href":"https:\/\/www.europesays.com\/fr\/wp-json\/wp\/v2\/types\/post"}],"author":[{"embeddable":true,"href":"https:\/\/www.europesays.com\/fr\/wp-json\/wp\/v2\/users\/2"}],"replies":[{"embeddable":true,"href":"https:\/\/www.europesays.com\/fr\/wp-json\/wp\/v2\/comments?post=288468"}],"version-history":[{"count":0,"href":"https:\/\/www.europesays.com\/fr\/wp-json\/wp\/v2\/posts\/288468\/revisions"}],"wp:featuredmedia":[{"embeddable":true,"href":"https:\/\/www.europesays.com\/fr\/wp-json\/wp\/v2\/media\/111167"}],"wp:attachment":[{"href":"https:\/\/www.europesays.com\/fr\/wp-json\/wp\/v2\/media?parent=288468"}],"wp:term":[{"taxonomy":"category","embeddable":true,"href":"https:\/\/www.europesays.com\/fr\/wp-json\/wp\/v2\/categories?post=288468"},{"taxonomy":"post_tag","embeddable":true,"href":"https:\/\/www.europesays.com\/fr\/wp-json\/wp\/v2\/tags?post=288468"}],"curies":[{"name":"wp","href":"https:\/\/api.w.org\/{rel}","templated":true}]}}