{"id":288480,"date":"2025-08-01T07:21:12","date_gmt":"2025-08-01T07:21:12","guid":{"rendered":"https:\/\/www.europesays.com\/fr\/288480\/"},"modified":"2025-08-01T07:21:12","modified_gmt":"2025-08-01T07:21:12","slug":"sainte-genevieve-le-comite-des-fetes-veut-attirer-les-jeunes-villageois","status":"publish","type":"post","link":"https:\/\/www.europesays.com\/fr\/288480\/","title":{"rendered":"Sainte-Genevi\u00e8ve. Le comit\u00e9 des f\u00eates veut attirer les jeunes villageois"},"content":{"rendered":"<p>David Bakowski, pr\u00e9sident du comit\u00e9 des f\u00eates du village, a fait un point sur les activit\u00e9s de l\u2019ann\u00e9e. \u00a0On est heureux de voir revenir des habitants du village qui avaient d\u00e9sert\u00e9 nos animations.\u00a0 Et de nuancer\u00a0: \u00a0Il est toujours facile de faire mieux. Certains jeunes estiment encore que les repas du village sont r\u00e9serv\u00e9s aux anciens.\u00a0<\/p>\n<p>Le pr\u00e9sident pense qu\u2019il y a un manque de communication. \u00a0Nous allons faire \u00e9voluer les choses.\u00a0 Pour la saison prochaine, plusieurs animations sont d\u00e9j\u00e0 pr\u00e9vues, comme la soir\u00e9e toulousaine, avec cassoulet, en octobre.<\/p>\n<p>Une exposition est aussi dans les tuyaux avec \u00a0un tracteur fabriqu\u00e9 par Daniel Cord\u2019homme, un habitant du village, \u00e0 son retour d\u2019Allemagne apr\u00e8s avoir \u00e9t\u00e9 prisonnier cinq\u00a0ans pendant la Seconde Guerre mondiale.\u00a0Faute d\u2019argent, il l\u2019a fabriqu\u00e9 avec un ch\u00e2ssis de camion, un moteur de voiture et deux bo\u00eetes de vitesses de Jeeps.\u00a0<\/p>\n<p><strong>Contact,<\/strong> 06\u00a063\u00a004\u00a026\u00a016.<\/p>\n<p>\u00a0<\/p>\n","protected":false},"excerpt":{"rendered":"David Bakowski, pr\u00e9sident du comit\u00e9 des f\u00eates du village, a fait un point sur les activit\u00e9s de l\u2019ann\u00e9e.&hellip;\n","protected":false},"author":2,"featured_media":288481,"comment_status":"","ping_status":"","sticky":false,"template":"","format":"standard","meta":{"footnotes":""},"categories":[9587],"tags":[1111,11,41588,9639,1777,674,14537,1011,27,4074,12,5161,25,9590,13662,42740,42741],"class_list":{"0":"post-288480","1":"post","2":"type-post","3":"status-publish","4":"format-standard","5":"has-post-thumbnail","7":"category-rouen","8":"tag-actu","9":"tag-actualites","10":"tag-attirer","11":"tag-comite","12":"tag-eu","13":"tag-europe","14":"tag-fetes","15":"tag-fr","16":"tag-france","17":"tag-jeunes","18":"tag-news","19":"tag-normandie","20":"tag-republique-francaise","21":"tag-rouen","22":"tag-saint-lo","23":"tag-sainte-genevieve","24":"tag-villageois"},"share_on_mastodon":{"url":"https:\/\/pubeurope.com\/@fr\/114952305605992636","error":""},"_links":{"self":[{"href":"https:\/\/www.europesays.com\/fr\/wp-json\/wp\/v2\/posts\/288480","targetHints":{"allow":["GET"]}}],"collection":[{"href":"https:\/\/www.europesays.com\/fr\/wp-json\/wp\/v2\/posts"}],"about":[{"href":"https:\/\/www.europesays.com\/fr\/wp-json\/wp\/v2\/types\/post"}],"author":[{"embeddable":true,"href":"https:\/\/www.europesays.com\/fr\/wp-json\/wp\/v2\/users\/2"}],"replies":[{"embeddable":true,"href":"https:\/\/www.europesays.com\/fr\/wp-json\/wp\/v2\/comments?post=288480"}],"version-history":[{"count":0,"href":"https:\/\/www.europesays.com\/fr\/wp-json\/wp\/v2\/posts\/288480\/revisions"}],"wp:featuredmedia":[{"embeddable":true,"href":"https:\/\/www.europesays.com\/fr\/wp-json\/wp\/v2\/media\/288481"}],"wp:attachment":[{"href":"https:\/\/www.europesays.com\/fr\/wp-json\/wp\/v2\/media?parent=288480"}],"wp:term":[{"taxonomy":"category","embeddable":true,"href":"https:\/\/www.europesays.com\/fr\/wp-json\/wp\/v2\/categories?post=288480"},{"taxonomy":"post_tag","embeddable":true,"href":"https:\/\/www.europesays.com\/fr\/wp-json\/wp\/v2\/tags?post=288480"}],"curies":[{"name":"wp","href":"https:\/\/api.w.org\/{rel}","templated":true}]}}