{"id":288505,"date":"2025-08-01T07:37:09","date_gmt":"2025-08-01T07:37:09","guid":{"rendered":"https:\/\/www.europesays.com\/fr\/288505\/"},"modified":"2025-08-01T07:37:09","modified_gmt":"2025-08-01T07:37:09","slug":"qui-est-santiago-hidalgo-le-nouvel-attaquant-star-du-toulouse-fc","status":"publish","type":"post","link":"https:\/\/www.europesays.com\/fr\/288505\/","title":{"rendered":"qui est Santiago Hidalgo, le nouvel attaquant star du Toulouse FC\u00a0?"},"content":{"rendered":"<p>            Par<br \/>\n        <strong><br \/>\n            <a href=\"https:\/\/actu.fr\/auteur\/guillaume-laurens\" title=\"Consulter tous les articles de Guillaume Laurens\" rel=\"nofollow noopener\" target=\"_blank\">Guillaume Laurens<\/a><br \/>\n        <\/strong><\/p>\n<p>        Publi\u00e9 le<\/p>\n<p>            1 ao\u00fbt 2025 \u00e0 8h56<br \/>\n        ; mis \u00e0 jour le 1 ao\u00fbt 2025 \u00e0 8h57    <\/p>\n<p>Quelques heures \u00e0 peine apr\u00e8s <a href=\"https:\/\/actu.fr\/occitanie\/toulouse_31555\/mercato-l-attaquant-zakaria-aboukhlal-quitte-le-toulouse-fc-pour-rejoindre-un-club-italien_62972268.html\" rel=\"nofollow noopener\" target=\"_blank\">le d\u00e9part de l\u2019international marocain Zakaria Aboukhlal<\/a>, meilleur buteur des Violets la saison derni\u00e8re, le <a href=\"https:\/\/actu.fr\/tag\/toulouse-football-club-tfc\" rel=\"nofollow noopener\" target=\"_blank\"><strong>Toulouse Football Club <\/strong><\/a>a officialis\u00e9 ce jeudi 31\u00a0juillet 2025 en soir\u00e9e l\u2019arriv\u00e9e attendant d\u2019un nouvel attaquant aussi jeune que prometteur\u2009: <strong>Santiago Hidalgo.<\/strong> Une deuxi\u00e8me recrue du mercato estival que la maison violette se dit \u00ab\u2009ravie\u2009\u00bb d\u2019accueillir. Mais qui est-il\u2009?<\/p>\n<p>Un gaucher originaire d\u2019Argentine<\/p>\n<p class=\" wall-content\">N\u00e9 le 17\u00a0f\u00e9vrier 2005 \u00e0 <strong>Santiago del Estero<\/strong> (Argentine) \u2013 tout comme <a href=\"https:\/\/actu.fr\/occitanie\/toulouse_31555\/oscar-trejo-annonce-son-depart-du-toulouse-football-club_3859635.html\" rel=\"nofollow noopener\" target=\"_blank\">un certain Oscar Trejo<\/a>, qui lui a ouvert la voie dans la Ville rose \u2013, Santiago Hidalgo arrive du <strong>Club Atl\u00e9tico Independiente<\/strong>, dans son pays natal.<\/p>\n<p class=\" wall-content\">Gaucher, ce jeune attaquant a gravi depuis 2022 les \u00e9chelons du <strong>CA Independiente,<\/strong> son club formateur. Arriv\u00e9 chez les U20, il s\u2019est rapidement impos\u00e9 jusqu\u2019\u00e0 int\u00e9grer l\u2019\u00e9quipe premi\u00e8re il y a un an.<\/p>\n<p class=\" wall-content\">En <strong>15 apparitions<\/strong> sous les couleurs rouge et blanche, Santiago a inscrit un but lors de la Copa Sudamericana (l\u2019\u00e9quivalent de l\u2019Europa League), montrant d\u00e9j\u00e0 de belles promesses.<\/p>\n<p>International U20 avec l\u2019Argentine<\/p>\n<p class=\" wall-content\"><strong>International argentin U20<\/strong>, Santiago a disput\u00e9 12 matchs avec les jeunes de l\u2019Albiceleste, notamment la Copa America U20 en ce d\u00e9but 2025, marquant <strong>quatre buts\u00a0et<\/strong> d\u00e9livrant une passe d\u00e9cisive. \u00ab\u2009Un d\u00e9but de parcours qui en dit long sur son potentiel\u2009\u00bb, souligne le Toulouse Football Club, d\u2019apr\u00e8s qui le joueur a \u00e9t\u00e9 \u00ab\u2009s\u00e9duit par l\u2019atmosph\u00e8re du Stadium\u2009\u00bb.<\/p>\n<p>Vid\u00e9os : en ce moment sur Actu<\/p>\n<blockquote class=\"ac-article-quote wall-content\">\n<p>Attir\u00e9 par le projet du T\u00e9f\u00e9c\u00e9 et s\u00e9duit par l\u2019atmosph\u00e8re du Stadium, Santiago a d\u00e9cid\u00e9 de faire le grand saut \u00e0 20 ans et poser ses valises dans la Cit\u00e9 des Violettes, pour montrer ce dont il est capable !<\/p>\n<p>    <strong>Le Toulouse Football Club<\/strong>\n            <\/p><\/blockquote>\n<p class=\" wall-content\">\n<p>Santiago Hidalgo\u2009: \u00ab\u2009Quitter l\u2019Argentine, un d\u00e9fi tr\u00e8s important\u2009\u00bb<\/p>\n<p class=\" wall-content\">\u00ab\u2009Je suis tr\u00e8s heureux d\u2019\u00eatre \u00e0 Toulouse\u2009\u00bb, a confirm\u00e9 le joueur d\u00e8s l\u2019officialisation de la nouvelle. \u00ab\u2009Je suis tr\u00e8s reconnaissant, car c\u2019est une tr\u00e8s belle opportunit\u00e9 pour continuer ma progression\u2009\u00bb, a-t-il poursuivi, conscient qu\u2019un tel d\u00e9paysement sera aussi un gros choc thermique \u00e0 seulement 20\u00a0ans.<\/p>\n<blockquote class=\"ac-article-quote wall-content\">\n<p>Quitter l&rsquo;Argentine repr\u00e9sente un d\u00e9fi tr\u00e8s important, mais je pense que je suis pr\u00eat \u00e0 le relever. Mon objectif avec le T\u00e9f\u00e9c\u00e9 sera de r\u00e9ussir \u00e0 m\u2019imposer, d&rsquo;\u00eatre heureux et \u00e9panoui, et que les supporters et mes co\u00e9quipiers le soient aussi. Je veux faire une tr\u00e8s belle saison !<\/p>\n<p>    <strong>Santiago Hidalgo<\/strong><br \/>\n        Nouvel attaquant du Toulouse Football Club    <\/p><\/blockquote>\n<p>Le nouveau n\u00b011 du T\u00e9f\u00e9c\u00e9<\/p>\n<p class=\" wall-content\">Signe d\u2019une ambition partag\u00e9e\u2009: Santiago Hidalgo \u00e9voluera avec le maillot floqu\u00e9 du <strong>num\u00e9ro\u00a011<\/strong> dans le dos. Il succ\u00e8dera en violet \u00e0 quelques-uns de ses illustres compatriotes, notamment la l\u00e9gende <strong>Marcico<\/strong>, bien s\u00fbr, mais aussi <strong>Eduardo Di Loreto<\/strong> (vainqueur de la Coupe de France 1957), le champion du monde <strong>Alberto Tarantini, Mauro Cetto<\/strong> ou <strong>Oscar Trejo<\/strong> pour les plus illustres. Il est le 18e joueur argentin \u00e0 porter les couleurs du T\u00e9f\u00e9c\u00e9.<\/p>\n<p class=\" wall-content\">\n<p>\u00ab\u2009Un \u00e9l\u00e9ment cl\u00e9 de l\u2019\u00e9quipe\u2009\u00bb, dit le directeur sportif du TFC<\/p>\n<p class=\" wall-content\">Pour <strong>Viktor Bezhani<\/strong>, directeur sportif du T\u00e9f\u00e9c\u00e9, \u00ab\u2009Santiago Hidalgo est un talent offensif enthousiasmant\u2009\u00bb. Il voit m\u00eame en lui un \u00ab\u2009\u00e9l\u00e9ment cl\u00e9\u2009\u00bb de l\u2019\u00e9quipe.<\/p>\n<blockquote class=\"ac-article-quote wall-content\">\n<p>Sa qualit\u00e9 technique, sa combativit\u00e9 et sa personnalit\u00e9 sont autant d\u2019atouts qui feront de lui un \u00e9l\u00e9ment cl\u00e9 de notre \u00e9quipe.<\/p>\n<p>    <strong>Viktor Bezhani<\/strong><br \/>\n        Directeur sportif du Toulouse Football Club    <\/p><\/blockquote>\n<p>Parmi les 60 meilleurs joueurs de 2025<\/p>\n<p class=\" wall-content\">Les sp\u00e9cialistes l\u2019ont d\u2019ailleurs pist\u00e9 depuis longtemps. <a href=\"https:\/\/www.theguardian.com\/football\/ng-interactive\/2022\/sep\/28\/next-generation-2022-60-of-the-best-young-talents-in-world-football\" rel=\"nofollow noopener\" target=\"_blank\">En 2022, <\/a><a href=\"https:\/\/www.theguardian.com\/football\/ng-interactive\/2022\/sep\/28\/next-generation-2022-60-of-the-best-young-talents-in-world-football\" rel=\"nofollow noopener\" target=\"_blank\">The Guardian<\/a> l\u2019avait class\u00e9 parmi les <strong>60 meilleurs jeunes talents du football mondial en 2005<\/strong>, aux c\u00f4t\u00e9s d\u2019autres talents monstrueux, tels <strong>D\u00e9sir\u00e9 Dou\u00e9<\/strong> (Paris Saint-Germain).<\/p>\n<p>Deuxi\u00e8me recrue estivale, apr\u00e8s Mario Sauer<\/p>\n<p class=\" wall-content\">Santiago Hidalgo est la deuxi\u00e8me recrue du club cette saison, apr\u00e8s <a href=\"https:\/\/actu.fr\/occitanie\/toulouse_31555\/toulouse-fc-un-chouchou-du-stadium-ne-sera-plus-violet-la-saison-prochaine_62693288.html\" rel=\"nofollow noopener\" target=\"_blank\">l\u2019arriv\u00e9e du jeune milieu offensif slovaque Mario Sauer<\/a> (21\u00a0ans).\u00a0Cet Argentin plein de promesses est-il la<strong> nouvelle p\u00e9pite en devenir<\/strong> du T\u00e9f\u00e9c\u00e9\u2009? Pour le confirmer, c\u2019est \u00e0 lui de jouer\u2009!<\/p>\n<p class=\" wall-content\">Suivez toute l\u2019actualit\u00e9 de vos villes et m\u00e9dias favoris en vous inscrivant \u00e0 <a href=\"https:\/\/moncompte.actu.fr\" title=\"D\u00e9couvez Mon Actu\" rel=\"nofollow noopener\" data-trk=\"{&quot;cta&quot;:{&quot;action&quot;:&quot;https:\\\/\\\/moncompte.actu.fr&quot;,&quot;category&quot;:&quot;mon compte&quot;,&quot;from&quot;:&quot;article footer&quot;,&quot;name&quot;:&quot;Mon actu&quot;,&quot;type&quot;:&quot;cta&quot;}}\" target=\"_blank\">Mon Actu<\/a>.<\/p>\n<ul class=\"ac-article-tag wall-content\">\n<li><a href=\"https:\/\/actu.fr\/tag\/toulouse-football-club-tfc\" data-trk=\"{&quot;cta&quot;:{&quot;action&quot;:&quot;Toulouse Football Club (TFC)&quot;,&quot;category&quot;:&quot;tag&quot;,&quot;from&quot;:&quot;article footer&quot;,&quot;name&quot;:&quot;Toulouse Football Club (TFC)&quot;,&quot;type&quot;:&quot;cta&quot;}}\" rel=\"nofollow noopener\" target=\"_blank\">#Toulouse Football Club (TFC)<\/a><\/li>\n<\/ul>\n","protected":false},"excerpt":{"rendered":"Par Guillaume Laurens Publi\u00e9 le 1 ao\u00fbt 2025 \u00e0 8h56 ; mis \u00e0 jour le 1 ao\u00fbt 2025&hellip;\n","protected":false},"author":2,"featured_media":288506,"comment_status":"","ping_status":"","sticky":false,"template":"","format":"standard","meta":{"footnotes":""},"categories":[2816],"tags":[1111,11,1777,674,63,1011,27,66,12,2680,25,60,2312,4159],"class_list":{"0":"post-288505","1":"post","2":"type-post","3":"status-publish","4":"format-standard","5":"has-post-thumbnail","7":"category-toulouse","8":"tag-actu","9":"tag-actualites","10":"tag-eu","11":"tag-europe","12":"tag-football","13":"tag-fr","14":"tag-france","15":"tag-ligue-1","16":"tag-news","17":"tag-occitanie","18":"tag-republique-francaise","19":"tag-sports","20":"tag-toulouse","21":"tag-toulouse-football-club-tfc"},"share_on_mastodon":{"url":"https:\/\/pubeurope.com\/@fr\/114952368510517930","error":""},"_links":{"self":[{"href":"https:\/\/www.europesays.com\/fr\/wp-json\/wp\/v2\/posts\/288505","targetHints":{"allow":["GET"]}}],"collection":[{"href":"https:\/\/www.europesays.com\/fr\/wp-json\/wp\/v2\/posts"}],"about":[{"href":"https:\/\/www.europesays.com\/fr\/wp-json\/wp\/v2\/types\/post"}],"author":[{"embeddable":true,"href":"https:\/\/www.europesays.com\/fr\/wp-json\/wp\/v2\/users\/2"}],"replies":[{"embeddable":true,"href":"https:\/\/www.europesays.com\/fr\/wp-json\/wp\/v2\/comments?post=288505"}],"version-history":[{"count":0,"href":"https:\/\/www.europesays.com\/fr\/wp-json\/wp\/v2\/posts\/288505\/revisions"}],"wp:featuredmedia":[{"embeddable":true,"href":"https:\/\/www.europesays.com\/fr\/wp-json\/wp\/v2\/media\/288506"}],"wp:attachment":[{"href":"https:\/\/www.europesays.com\/fr\/wp-json\/wp\/v2\/media?parent=288505"}],"wp:term":[{"taxonomy":"category","embeddable":true,"href":"https:\/\/www.europesays.com\/fr\/wp-json\/wp\/v2\/categories?post=288505"},{"taxonomy":"post_tag","embeddable":true,"href":"https:\/\/www.europesays.com\/fr\/wp-json\/wp\/v2\/tags?post=288505"}],"curies":[{"name":"wp","href":"https:\/\/api.w.org\/{rel}","templated":true}]}}