{"id":288507,"date":"2025-08-01T07:38:12","date_gmt":"2025-08-01T07:38:12","guid":{"rendered":"https:\/\/www.europesays.com\/fr\/288507\/"},"modified":"2025-08-01T07:38:12","modified_gmt":"2025-08-01T07:38:12","slug":"gratuite-des-vlille-une-bonne-raison-de-remonter-en-selle-a-roubaix","status":"publish","type":"post","link":"https:\/\/www.europesays.com\/fr\/288507\/","title":{"rendered":"Gratuit\u00e9 des V&rsquo;Lille : une bonne raison de (re)monter en selle \u00e0 Roubaix"},"content":{"rendered":"<p class=\"introduction\">Bonne nouvelle pour les adeptes de la petite reine : d\u00e8s ce 1er ao\u00fbt, l\u2019abonnement V&rsquo;Lille devient gratuit pour de nombreux usagers du m\u00e9tro ! Une bonne opportunit\u00e9 pour adopter le v\u00e9lo dans vos trajets du quotidien. \u00c0 Roubaix, les stations sont d\u00e9j\u00e0 bien implant\u00e9es : plus d\u2019excuses pour ne pas p\u00e9daler.<\/p>\n<p>Roubaix \u00e0 v\u00e9lo, c\u2019est (encore plus) facile avec V\u2019Lille<\/p>\n<p>D\u00e8s le 1er ao\u00fbt 2025, <strong>l\u2019abonnement V\u2019Lille en libre-service devient enti\u00e8rement gratuit pour les d\u00e9tenteurs d\u2019un abonnement de transports Il\u00e9via<\/strong>, \u00e0 condition d\u2019\u00eatre domicili\u00e9 dans l\u2019une des 13 communes desservies par le m\u00e9tro\u2026 et Roubaix en fait bien s\u00fbr partie ! Concr\u00e8tement, si vous poss\u00e9dez une carte Pass Pass avec un abonnement m\u00e9tro actif, vous n\u2019avez plus rien \u00e0 payer pour acc\u00e9der aux v\u00e9los en libre-service. Une mesure pens\u00e9e pour encourager les trajets intermodaux et faciliter les d\u00e9placements doux sur l\u2019ensemble de la m\u00e9tropole.<\/p>\n<p>Un maillage d\u00e9j\u00e0 solide \u00e0 Roubaix<\/p>\n<p>Avec une quinzaine de stations V\u2019Lille r\u00e9parties dans la ville (et d\u2019autres \u00e0 proximit\u00e9 imm\u00e9diate), Roubaix est d\u00e9j\u00e0 bien \u00e9quip\u00e9e. Que vous arriviez en m\u00e9tro \u00e0 Eurot\u00e9l\u00e9port, ou que vous habitiez \u00e0 proximit\u00e9 du parc Barbieux, du centre-ville ou du quartier de l\u2019Alma, il y a forc\u00e9ment une station pr\u00e8s de chez vous ou de votre destination.<\/p>\n<p>Et pour ceux qui pr\u00e9f\u00e8rent la flexibilit\u00e9, les V\u2019Lille en location longue dur\u00e9e restent disponibles, avec des formules allant de quelques mois \u00e0 un an, id\u00e9ales pour tester une pratique r\u00e9guli\u00e8re du v\u00e9lo.<\/p>\n<p>Pourquoi adopter le v\u00e9lo \u00e0 Roubaix ?<\/p>\n<p>Choisir le v\u00e9lo, c\u2019est bon pour la sant\u00e9, le porte-monnaie et la plan\u00e8te. C\u2019est aussi une mani\u00e8re agr\u00e9able (et souvent plus rapide qu\u2019on ne le pense) de se d\u00e9placer en ville. Roubaix met tout en \u0153uvre pour favoriser cette transition, avec le d\u00e9veloppement d\u2019am\u00e9nagements cyclables, des aides \u00e0 l\u2019achat de v\u00e9los, ou encore le dispositif Pass V\u00e9lo pour les jeunes.<\/p>\n<p>Comment profiter de la gratuit\u00e9 ?<\/p>\n<ul>\n<li>Avoir un abonnement Il\u00e9via actif (mensuel ou annuel).<\/li>\n<li>\u00catre domicili\u00e9 \u00e0 Roubaix (ou dans l\u2019une des communes \u00e9ligibles).<\/li>\n<li>Lier son abonnement \u00e0 son compte V\u2019Lille via l\u2019espace personnel sur le site Il\u00e9via ou directement depuis l\u2019application.<\/li>\n<\/ul>\n<p>Et hop, vous avez acc\u00e8s gratuitement aux v\u00e9los en libre-service pendant les 30 premi\u00e8res minutes de chaque trajet, autant de fois que vous le souhaitez !<\/p>\n<p>&gt; <strong>Toutes les infos pratiques (plan des stations, conditions d\u2019acc\u00e8s, aides locales) sont \u00e0 retrouver sur <a href=\"https:\/\/www.ville-roubaix.fr\/services-infos-pratiques\/deplacements-et-transports\/le-velo\/\" target=\"_blank\" rel=\"noopener\">le site de la ville<\/a> ou sur <a href=\"https:\/\/www.ilevia.fr\/\" target=\"_blank\" rel=\"noopener\">le site Il\u00e9via<\/a><\/strong><\/p>\n","protected":false},"excerpt":{"rendered":"Bonne nouvelle pour les adeptes de la petite reine : d\u00e8s ce 1er ao\u00fbt, l\u2019abonnement V&rsquo;Lille devient gratuit&hellip;\n","protected":false},"author":2,"featured_media":288508,"comment_status":"","ping_status":"","sticky":false,"template":"","format":"standard","meta":{"footnotes":""},"categories":[2815],"tags":[1111,11,1777,674,1011,27,811,1307,6314,12,25,208],"class_list":{"0":"post-288507","1":"post","2":"type-post","3":"status-publish","4":"format-standard","5":"has-post-thumbnail","7":"category-lille","8":"tag-actu","9":"tag-actualites","10":"tag-eu","11":"tag-europe","12":"tag-fr","13":"tag-france","14":"tag-hauts-de-france","15":"tag-lille","16":"tag-mobilites-douces","17":"tag-news","18":"tag-republique-francaise","19":"tag-velo"},"share_on_mastodon":{"url":"https:\/\/pubeurope.com\/@fr\/114952372460823238","error":""},"_links":{"self":[{"href":"https:\/\/www.europesays.com\/fr\/wp-json\/wp\/v2\/posts\/288507","targetHints":{"allow":["GET"]}}],"collection":[{"href":"https:\/\/www.europesays.com\/fr\/wp-json\/wp\/v2\/posts"}],"about":[{"href":"https:\/\/www.europesays.com\/fr\/wp-json\/wp\/v2\/types\/post"}],"author":[{"embeddable":true,"href":"https:\/\/www.europesays.com\/fr\/wp-json\/wp\/v2\/users\/2"}],"replies":[{"embeddable":true,"href":"https:\/\/www.europesays.com\/fr\/wp-json\/wp\/v2\/comments?post=288507"}],"version-history":[{"count":0,"href":"https:\/\/www.europesays.com\/fr\/wp-json\/wp\/v2\/posts\/288507\/revisions"}],"wp:featuredmedia":[{"embeddable":true,"href":"https:\/\/www.europesays.com\/fr\/wp-json\/wp\/v2\/media\/288508"}],"wp:attachment":[{"href":"https:\/\/www.europesays.com\/fr\/wp-json\/wp\/v2\/media?parent=288507"}],"wp:term":[{"taxonomy":"category","embeddable":true,"href":"https:\/\/www.europesays.com\/fr\/wp-json\/wp\/v2\/categories?post=288507"},{"taxonomy":"post_tag","embeddable":true,"href":"https:\/\/www.europesays.com\/fr\/wp-json\/wp\/v2\/tags?post=288507"}],"curies":[{"name":"wp","href":"https:\/\/api.w.org\/{rel}","templated":true}]}}