{"id":28851,"date":"2025-04-16T08:45:11","date_gmt":"2025-04-16T08:45:11","guid":{"rendered":"https:\/\/www.europesays.com\/fr\/28851\/"},"modified":"2025-04-16T08:45:11","modified_gmt":"2025-04-16T08:45:11","slug":"royaume-uni-nouveau-ralentissement-de-linflation-a-26-en-mars","status":"publish","type":"post","link":"https:\/\/www.europesays.com\/fr\/28851\/","title":{"rendered":"Royaume-Uni: nouveau ralentissement de l&rsquo;inflation, \u00e0 2,6% en mars"},"content":{"rendered":"<p style=\"text-align: left\">L\u2019inflation au Royaume-Uni a connu un nouveau\u00a0 ralentissement en mars, \u00e0 2,6% sur un an, une bonne nouvelle pour le\u00a0 gouvernement travailliste, mais qui pourrait \u00eatre r\u00e9duite \u00e0 n\u00e9ant dans les\u00a0 prochaines semaines par les droits de douane de Donald Trump.<\/p>\n<p style=\"text-align: left\">Le chiffre publi\u00e9 mercredi par l\u2019Office national des statistiques (ONS)\u00a0 est plus bas que les anticipations des analystes consult\u00e9es par Bloomberg,\u00a0 qui pr\u00e9voyaient une inflation \u00e0 2,7%.<\/p>\n<p style=\"text-align: left\">Ce recul de l\u2019inflation s\u2019explique notamment par \u00ab\u00a0la baisse des prix des\u00a0 carburants et la stabilit\u00e9 des prix des denr\u00e9es alimentaires par rapport\u00a0 aux hausses de prix observ\u00e9es \u00e0 la m\u00eame \u00e9poque l\u2019ann\u00e9e derni\u00e8re\u00a0\u00bb, souligne\u00a0 l\u2019\u00e9conomiste en chef de l\u2019ONS Grant Fitzner.<\/p>\n<p style=\"text-align: left\">\u00ab\u00a0Le seul contrepoids significatif est venu du prix des v\u00eatements, qui a\u00a0 fortement augment\u00e9 ce mois-ci, apr\u00e8s la baisse inhabituelle de f\u00e9vrier\u00a0\u00bb,\u00a0 a-t-il ajout\u00e9.<\/p>\n<p style=\"text-align: left\">La ministre des Finances Rachel Reeves s\u2019est r\u00e9jouie de ces \u00ab\u00a0signes\u00a0 encourageants qui montrent que notre plan pour le changement fonctionne\u00a0\u00bb.\u00a0 \u00ab\u00a0Mais il reste encore beaucoup \u00e0 faire\u00a0\u00bb, a-t-elle ajout\u00e9 dans un\u00a0 communiqu\u00e9.<\/p>\n<p style=\"text-align: left\">D\u2019autant plus que cette dynamique des prix du Royaume-Uni ne pourrait \u00eatre\u00a0 que temporaire, le pays subissant comme tous les pays du monde la campagne\u00a0 de droits de douane de Donald Trump, \u00e0 hauteur de 10%.<\/p>\n<p style=\"text-align: left\">Il supporte aussi ceux de 25% ciblant l\u2019industrie automobile, ou encore\u00a0 l\u2019acier et l\u2019aluminium, autant de taxes qui devraient avoir une incidence\u00a0 sur les prix. En outre, les fortes hausses de cotisation patronales annonc\u00e9es dans le\u00a0 premier budget travailliste et qui sont entr\u00e9es en vigueur en avril,\u00a0 pourraient aussi influer n\u00e9gativement sur l\u2019inflation.<\/p>\n<p style=\"text-align: left\">Le gouvernement travailliste du Premier ministre Keir Starmer a fait de la\u00a0 croissance sa priorit\u00e9, mais celle-ci peine \u00e0 d\u00e9coller depuis son \u00e9lection\u00a0 en juillet.<\/p>\n<p style=\"text-align: left\"><strong>(APS) \u00a0<\/strong><\/p>\n","protected":false},"excerpt":{"rendered":"L\u2019inflation au Royaume-Uni a connu un nouveau\u00a0 ralentissement en mars, \u00e0 2,6% sur un an, une bonne nouvelle&hellip;\n","protected":false},"author":2,"featured_media":28852,"comment_status":"","ping_status":"","sticky":false,"template":"","format":"standard","meta":{"footnotes":""},"categories":[1588],"tags":[11,1777,674,9345,12,10089,473,1853,1851,1850,1852],"class_list":{"0":"post-28851","1":"post","2":"type-post","3":"status-publish","4":"format-standard","5":"has-post-thumbnail","7":"category-royaume-uni","8":"tag-actualites","9":"tag-eu","10":"tag-europe","11":"tag-inflation","12":"tag-news","13":"tag-ralentissement","14":"tag-royaume-uni","15":"tag-royaume-uni-de-grande-bretagne-et-dirlande-du-nord","16":"tag-uk","17":"tag-united-kingdom","18":"tag-united-kingdom-of-great-britain-and-northern-ireland"},"share_on_mastodon":{"url":"https:\/\/pubeurope.com\/@fr\/114346768703375168","error":""},"_links":{"self":[{"href":"https:\/\/www.europesays.com\/fr\/wp-json\/wp\/v2\/posts\/28851","targetHints":{"allow":["GET"]}}],"collection":[{"href":"https:\/\/www.europesays.com\/fr\/wp-json\/wp\/v2\/posts"}],"about":[{"href":"https:\/\/www.europesays.com\/fr\/wp-json\/wp\/v2\/types\/post"}],"author":[{"embeddable":true,"href":"https:\/\/www.europesays.com\/fr\/wp-json\/wp\/v2\/users\/2"}],"replies":[{"embeddable":true,"href":"https:\/\/www.europesays.com\/fr\/wp-json\/wp\/v2\/comments?post=28851"}],"version-history":[{"count":0,"href":"https:\/\/www.europesays.com\/fr\/wp-json\/wp\/v2\/posts\/28851\/revisions"}],"wp:featuredmedia":[{"embeddable":true,"href":"https:\/\/www.europesays.com\/fr\/wp-json\/wp\/v2\/media\/28852"}],"wp:attachment":[{"href":"https:\/\/www.europesays.com\/fr\/wp-json\/wp\/v2\/media?parent=28851"}],"wp:term":[{"taxonomy":"category","embeddable":true,"href":"https:\/\/www.europesays.com\/fr\/wp-json\/wp\/v2\/categories?post=28851"},{"taxonomy":"post_tag","embeddable":true,"href":"https:\/\/www.europesays.com\/fr\/wp-json\/wp\/v2\/tags?post=28851"}],"curies":[{"name":"wp","href":"https:\/\/api.w.org\/{rel}","templated":true}]}}