{"id":288524,"date":"2025-08-01T07:47:10","date_gmt":"2025-08-01T07:47:10","guid":{"rendered":"https:\/\/www.europesays.com\/fr\/288524\/"},"modified":"2025-08-01T07:47:10","modified_gmt":"2025-08-01T07:47:10","slug":"nadiya-et-cest-reparti-tour-en-concert-le-18-12-2026-au-cirque-dhiver-a-paris-ce-que-pensent-les-hommes","status":"publish","type":"post","link":"https:\/\/www.europesays.com\/fr\/288524\/","title":{"rendered":"N\u00e2diya, Et c\u2019est reparti tour, en concert le 18\/12\/2026 au Cirque d\u2019Hiver \u00e0 Paris \u2013 Ce que pensent les hommes"},"content":{"rendered":"<p style=\"text-align: left;\">N\u00e2diya revient avec Et c\u2019est reparti Tour. D\u00e9j\u00e0 une date en vente le 18 d\u00e9cembre 2026 au Cirque d\u2019Hiver Bouglione \u00e0 Paris.<br \/>Artiste majeure de la sce\u0300ne pop des anne\u0301es 2000 avec plus de 5 millions de disques vendus, N\u00e2diya a marqu\u00e9 les anne\u0301es 2000 avec sa musique vivante, populaire et \u00e9nergique.<\/p>\n<p>Ico\u0302ne de toute une ge\u0301ne\u0301ration, elle se distingue par sa musique qui me\u0301lange pop et influences urbaines, cre\u0301ant un son distinctif qui la rend unique et des tubes en pagaille comme \u00ab\u00a0Et c\u2019est parti \u00ab\u00a0, \u00ab\u00a0Si loin de vous\u00a0\u00bb, \u00ab\u00a0Tous ces mots\u00a0\u00bb, \u00ab\u00a0Roc\u00a0\u00bb ou encore \u00ab\u00a0Tired of being sorry\u00a0\u00bb, les incontournables de sa discographie.<br \/>Pour accompagner l\u2019annonce du concert, N\u00e2diya a d\u00e9voil\u00e9 son nouveau single DJ!, un tube d\u2019\u00e9t\u00e9 dansant et funky que l\u2019on peut d\u00e9couvrir dans une vid\u00e9o live film\u00e9e au Festival de Poupet et qui montre \u00e0 quel point N\u00e2diya est une artiste incontournable sur sc\u00e8ne.<\/p>\n","protected":false},"excerpt":{"rendered":"N\u00e2diya revient avec Et c\u2019est reparti Tour. D\u00e9j\u00e0 une date en vente le 18 d\u00e9cembre 2026 au Cirque&hellip;\n","protected":false},"author":2,"featured_media":288525,"comment_status":"","ping_status":"","sticky":false,"template":"","format":"standard","meta":{"footnotes":""},"categories":[1888],"tags":[1111,1928,11,1927,1777,674,1011,27,12,1926,626,1925,25],"class_list":{"0":"post-288524","1":"post","2":"type-post","3":"status-publish","4":"format-standard","5":"has-post-thumbnail","7":"category-paris","8":"tag-actu","9":"tag-actu-paris","10":"tag-actualites","11":"tag-actualites-paris","12":"tag-eu","13":"tag-europe","14":"tag-fr","15":"tag-france","16":"tag-news","17":"tag-news-paris","18":"tag-paris","19":"tag-paris-news","20":"tag-republique-francaise"},"share_on_mastodon":{"url":"https:\/\/pubeurope.com\/@fr\/114952407940863377","error":""},"_links":{"self":[{"href":"https:\/\/www.europesays.com\/fr\/wp-json\/wp\/v2\/posts\/288524","targetHints":{"allow":["GET"]}}],"collection":[{"href":"https:\/\/www.europesays.com\/fr\/wp-json\/wp\/v2\/posts"}],"about":[{"href":"https:\/\/www.europesays.com\/fr\/wp-json\/wp\/v2\/types\/post"}],"author":[{"embeddable":true,"href":"https:\/\/www.europesays.com\/fr\/wp-json\/wp\/v2\/users\/2"}],"replies":[{"embeddable":true,"href":"https:\/\/www.europesays.com\/fr\/wp-json\/wp\/v2\/comments?post=288524"}],"version-history":[{"count":0,"href":"https:\/\/www.europesays.com\/fr\/wp-json\/wp\/v2\/posts\/288524\/revisions"}],"wp:featuredmedia":[{"embeddable":true,"href":"https:\/\/www.europesays.com\/fr\/wp-json\/wp\/v2\/media\/288525"}],"wp:attachment":[{"href":"https:\/\/www.europesays.com\/fr\/wp-json\/wp\/v2\/media?parent=288524"}],"wp:term":[{"taxonomy":"category","embeddable":true,"href":"https:\/\/www.europesays.com\/fr\/wp-json\/wp\/v2\/categories?post=288524"},{"taxonomy":"post_tag","embeddable":true,"href":"https:\/\/www.europesays.com\/fr\/wp-json\/wp\/v2\/tags?post=288524"}],"curies":[{"name":"wp","href":"https:\/\/api.w.org\/{rel}","templated":true}]}}