{"id":288526,"date":"2025-08-01T07:48:34","date_gmt":"2025-08-01T07:48:34","guid":{"rendered":"https:\/\/www.europesays.com\/fr\/288526\/"},"modified":"2025-08-01T07:48:34","modified_gmt":"2025-08-01T07:48:34","slug":"la-chasse-aux-depots-sauvages-est-lancee-dans-cette-ville-de-seine-saint-denis","status":"publish","type":"post","link":"https:\/\/www.europesays.com\/fr\/288526\/","title":{"rendered":"la chasse aux d\u00e9p\u00f4ts sauvages est lanc\u00e9e dans cette ville de Seine-Saint-Denis"},"content":{"rendered":"<p>            Par<br \/>\n        <strong><br \/>\n            <a href=\"https:\/\/actu.fr\/auteur\/marie-amelie-marchal\" title=\"Consulter tous les articles de Marie Amelie Marchal\" target=\"_blank\" rel=\"noopener\">Marie Amelie Marchal<\/a><br \/>\n        <\/strong><\/p>\n<p>        Publi\u00e9 le<\/p>\n<p>            31 juil. 2025 \u00e0 10h29        <\/p>\n<p>Mettre fin \u00e0 l\u2019impunit\u00e9. \u00c0 <a href=\"https:\/\/actu.fr\/ile-de-france\/bagnolet_93006\" target=\"_blank\" rel=\"noopener\">Bagnolet<\/a> (Seine-Saint-Denis), l\u2019objectif est clair alors que les agents de propret\u00e9 de la commune, de Paris Est Ensemble et de Nature en ville <strong>n\u2019arrivent plus \u00e0 faire face<\/strong>. \u00ab\u2009On parle de plusieurs tonnes de <a href=\"https:\/\/actu.fr\/societe\/les-depots-sauvages-de-dechets-explosent-en-france-face-a-ce-fleau-les-maires-sortent-l-artillerie-lourde_62466760.html\" target=\"_blank\" rel=\"noopener\">d\u00e9p\u00f4ts sauvages<\/a>\u2009: de l\u2019\u00e9lectrom\u00e9nager, de lits, de matelas\u2026\u2009\u00bb d\u00e9plore la mairie aupr\u00e8s d\u2019actu Paris. Contre ce ph\u00e9nom\u00e8ne, la ville a investi dans<strong> quatre cam\u00e9ras mobiles<\/strong> \u00e0 la mi-juillet\u00a02025. Tout savoir sur ce dispositif qui fonctionne avec une intelligence artificielle.<\/p>\n<p>Jusqu\u2019\u00e0 15\u2009000\u00a0euros d\u2019amende<\/p>\n<p class=\" wall-content\">L\u2019exp\u00e9rimentation a \u00e9t\u00e9 lanc\u00e9e il y a une dizaine de jours. \u00ab\u2009Malgr\u00e9 des campagnes de pr\u00e9vention et le concours des agents de la brigade environnement, les d\u00e9p\u00f4ts sauvages sont de plus en plus nombreux\u2009\u00bb, relate la commune.<\/p>\n<p class=\" wall-content\"><a href=\"https:\/\/actu.fr\/ile-de-france\/bagnolet_93006\/une-nouvelle-passerelle-au-dessus-du-peripherique-a-bagnolet-la-majorite-municipale-rouvre-le-debat_62914521.html\" target=\"_blank\" rel=\"noopener\">Tony di Martino<\/a>, le maire PS de Bagnolet, a donc opt\u00e9 pour une nouvelle arme contre ces incivilit\u00e9s\u2009: des cam\u00e9ras mobiles fonctionnant avec une intelligence artificielle. Dans les faits, l\u2019appareil fonctionne en continu \u00ab\u2009mais personne ne reste toute la journ\u00e9e devant les images\u2009\u00bb, d\u00e9taille-t-on \u00e0 actu Paris.<\/p>\n<p class=\" wall-content\">\u00ab\u2009D\u00e8s que la cam\u00e9ra rep\u00e8re un mouvement qui ressemble \u00e0 un d\u00e9p\u00f4t, un agent de la propret\u00e9 re\u00e7oit un court extrait vid\u00e9o \u2013 de une \u00e0 deux minutes. Une notification est \u00e9galement envoy\u00e9e \u00e0 nos deux policiers municipaux.\u2009\u00bb Les agents asserment\u00e9s peuvent ensuite enclencher une proc\u00e9dure de verbalisation.<\/p>\n<p class=\" wall-content\">La d\u00e9marche s\u2019effectue en deux phases. Lorsque l\u2019auteur des faits a un v\u00e9hicule, sa <strong>plaque est relev\u00e9e<\/strong> pour l\u2019identifier. Un premier<strong> courrier d\u2019information<\/strong> est alors envoy\u00e9 puis le destinataire a dix jours pour entamer une proc\u00e9dure contradictoire. Dans un deuxi\u00e8me temps, la <strong>proc\u00e9dure d\u2019amende<\/strong> est ensuite engag\u00e9e<strong> \u00e0 la discr\u00e9tion du maire<\/strong>.<\/p>\n<p class=\" wall-content\">\u00ab\u2009Pour un particulier, la verbalisation peut aller jusqu\u2019\u00e0 15\u2009000\u00a0euros d\u2019amende, 150\u2009000\u00a0euros pour un professionnel\u2009\u00bb, rappel la municipalit\u00e9. Mobiles, les cam\u00e9ras seront<strong> d\u00e9plac\u00e9es tous les six mois. <\/strong>Pour ce dispositif, Bagnolet a<strong> investi 99\u2009000\u00a0euros<\/strong>.<\/p>\n<p class=\" wall-content\">Suivez toute l\u2019actualit\u00e9 de vos villes et m\u00e9dias favoris en vous inscrivant \u00e0 <a href=\"https:\/\/moncompte.actu.fr\" title=\"D\u00e9couvez Mon Actu\" rel=\"nofollow noopener\" data-trk=\"{&quot;cta&quot;:{&quot;action&quot;:&quot;https:\\\/\\\/moncompte.actu.fr&quot;,&quot;category&quot;:&quot;mon compte&quot;,&quot;from&quot;:&quot;article footer&quot;,&quot;name&quot;:&quot;Mon actu&quot;,&quot;type&quot;:&quot;cta&quot;}}\" target=\"_blank\">Mon Actu<\/a>.<\/p>\n","protected":false},"excerpt":{"rendered":"Par Marie Amelie Marchal Publi\u00e9 le 31 juil. 2025 \u00e0 10h29 Mettre fin \u00e0 l\u2019impunit\u00e9. \u00c0 Bagnolet (Seine-Saint-Denis),&hellip;\n","protected":false},"author":2,"featured_media":288527,"comment_status":"","ping_status":"","sticky":false,"template":"","format":"standard","meta":{"footnotes":""},"categories":[1888],"tags":[11,1777,674,1011,27,223,12,626,1072,25,104,7939],"class_list":{"0":"post-288526","1":"post","2":"type-post","3":"status-publish","4":"format-standard","5":"has-post-thumbnail","7":"category-paris","8":"tag-actualites","9":"tag-eu","10":"tag-europe","11":"tag-fr","12":"tag-france","13":"tag-intelligence-artificielle","14":"tag-news","15":"tag-paris","16":"tag-police","17":"tag-republique-francaise","18":"tag-societe","19":"tag-videosurveillance"},"share_on_mastodon":{"url":"https:\/\/pubeurope.com\/@fr\/114952411937134847","error":""},"_links":{"self":[{"href":"https:\/\/www.europesays.com\/fr\/wp-json\/wp\/v2\/posts\/288526","targetHints":{"allow":["GET"]}}],"collection":[{"href":"https:\/\/www.europesays.com\/fr\/wp-json\/wp\/v2\/posts"}],"about":[{"href":"https:\/\/www.europesays.com\/fr\/wp-json\/wp\/v2\/types\/post"}],"author":[{"embeddable":true,"href":"https:\/\/www.europesays.com\/fr\/wp-json\/wp\/v2\/users\/2"}],"replies":[{"embeddable":true,"href":"https:\/\/www.europesays.com\/fr\/wp-json\/wp\/v2\/comments?post=288526"}],"version-history":[{"count":0,"href":"https:\/\/www.europesays.com\/fr\/wp-json\/wp\/v2\/posts\/288526\/revisions"}],"wp:featuredmedia":[{"embeddable":true,"href":"https:\/\/www.europesays.com\/fr\/wp-json\/wp\/v2\/media\/288527"}],"wp:attachment":[{"href":"https:\/\/www.europesays.com\/fr\/wp-json\/wp\/v2\/media?parent=288526"}],"wp:term":[{"taxonomy":"category","embeddable":true,"href":"https:\/\/www.europesays.com\/fr\/wp-json\/wp\/v2\/categories?post=288526"},{"taxonomy":"post_tag","embeddable":true,"href":"https:\/\/www.europesays.com\/fr\/wp-json\/wp\/v2\/tags?post=288526"}],"curies":[{"name":"wp","href":"https:\/\/api.w.org\/{rel}","templated":true}]}}