{"id":288538,"date":"2025-08-01T07:55:14","date_gmt":"2025-08-01T07:55:14","guid":{"rendered":"https:\/\/www.europesays.com\/fr\/288538\/"},"modified":"2025-08-01T07:55:14","modified_gmt":"2025-08-01T07:55:14","slug":"lespagne-epinglee-par-le-conseil-de-leurope-face-aux-affaires-de-corruption-des-hauts-dirigeants","status":"publish","type":"post","link":"https:\/\/www.europesays.com\/fr\/288538\/","title":{"rendered":"L\u2019Espagne \u00e9pingl\u00e9e par le Conseil de l\u2019Europe face aux affaires de corruption des hauts dirigeants"},"content":{"rendered":"<p class=\"fig-paragraph\">Le\u00a0<a href=\"http:\/\/www.lefigaro.fr\/flash-actu\/volodymyr-zelensky-et-le-conseil-de-l-europe-actent-la-creation-d-un-tribunal-special-pour-la-guerre-en-ukraine-20250625\" target=\"_blank\" data-fig-type=\"NewsFlash\" rel=\"noopener\" data-gtm-custom-categorie=\"navigation\" data-gtm-custom-action=\"crossclick\" data-gtm-custom-label=\"Contextuel\" data-gtm-event=\"customEventSPE\" data-fig-domain=\"LEFIGARO\">Conseil de l\u2019Europe<\/a>\u00a0a critiqu\u00e9 vendredi 1er ao\u00fbt les lacunes de l\u2019Espagne dans la lutte contre la corruption des hauts dirigeants, alors que le premier ministre\u00a0<a href=\"http:\/\/www.lefigaro.fr\/international\/espagne-malgre-les-scandales-pedro-sanchez-affirme-qu-il-ne-va-pas-jeter-l-eponge-20250709\" target=\"_blank\" data-fig-type=\"NewsFlash\" rel=\"noopener\" data-gtm-custom-categorie=\"navigation\" data-gtm-custom-action=\"crossclick\" data-gtm-custom-label=\"Contextuel\" data-gtm-event=\"customEventSPE\" data-fig-domain=\"LEFIGARO\">Pedro Sanchez<\/a>\u00a0est secou\u00e9 par une s\u00e9rie d\u2019affaires de corruption visant son entourage ou des membres de son parti socialiste.<\/p>\n<p class=\"fig-paragraph\">Dans un rapport, le Groupe d\u2019\u00c9tats contre la corruption (Greco), qui rassemble 48 pays, \u00abconstate l\u2019absence d\u2019une action d\u00e9termin\u00e9e et de r\u00e9sultats concrets concernant les recommandations relatives aux hautes fonctions de l\u2019ex\u00e9cutif du gouvernement central\u00bb. Si le rapport reconna\u00eet que \u00abdes am\u00e9liorations sont propos\u00e9es\u00bb dans le cadre d\u2019un Plan d\u2019action pour la d\u00e9mocratie et d\u2019un projet de loi sur la transparence administrative, il affirme aussi que \u00abces initiatives restent \u00e0 mettre en \u0153uvre\u00bb.<\/p>\n<p>                                    <a class=\"fig-a11y-skip a11y-hidden\" href=\"#fig-a11y-skip-main-inarticle\"><br \/>\n        Passer la publicit\u00e9<br \/>\n    <\/a><\/p>\n<p class=\"fig-paragraph\">\u00abAucune mesure n\u2019a \u00e9t\u00e9 prise en vue de r\u00e9former la proc\u00e9dure sp\u00e9ciale du r\u00e9gime de responsabilit\u00e9 p\u00e9nale des membres du gouvernement\u00bb et le Bureau des conflits d\u2019int\u00e9r\u00eats \u00abn\u2019est toujours pas v\u00e9ritablement ind\u00e9pendant et ne dispose pas de son propre budget\u00bb, d\u00e9nonce l\u2019institution. Le Greco demande en cons\u00e9quence aux autorit\u00e9s espagnoles de remettre un rapport sur les progr\u00e8s accomplis dans leur mise en \u0153uvre de ses recommandations d\u2019ici au 30 juin 2026.<\/p>\n<p>De nombreux dirigeants espagnols vis\u00e9s<\/p>\n<p class=\"fig-paragraph\">Les enqu\u00eates judiciaires visant des proches du premier ministre socialiste Pedro Sanchez se multiplient depuis des mois. Confront\u00e9 \u00e0 la plus grave crise depuis son arriv\u00e9e au pouvoir, il a pr\u00e9sent\u00e9 le 9 juillet un plan anticorruption au Parlement.<\/p>\n<p class=\"fig-paragraph\">L\u2019ex-num\u00e9ro trois du Parti socialiste ouvrier espagnol (PSOE), Santos Cerd\u00e1n, un de ses proches, a ainsi \u00e9t\u00e9 mis en cause apr\u00e8s la publication le 12 juin d\u2019un rapport de police laissant penser qu\u2019il avait touch\u00e9 des pots-de-vin en \u00e9change de contrats publics. Il a \u00e9t\u00e9 plac\u00e9 en d\u00e9tention provisoire.<\/p>\n<p class=\"fig-paragraph\">La propre femme du chef du gouvernement, Bego\u00f1a G\u00f3mez, est vis\u00e9e par une enqu\u00eate pour corruption et trafic d\u2019influence, son fr\u00e8re David doit \u00eatre jug\u00e9 pour trafic d\u2019influence et le procureur g\u00e9n\u00e9ral de l\u2019\u00c9tat, \u00c1lvaro Garc\u00eda Ortiz, plus haut magistrat du parquet, nomm\u00e9 en 2022 sur proposition du gouvernement de gauche, sera jug\u00e9 pour des fuites d\u2019informations judiciaires.<\/p>\n<p class=\"fig-paragraph\">De son c\u00f4t\u00e9, la droite espagnole a \u00e9t\u00e9 rattrap\u00e9e par un scandale courant juillet, quand un juge a annonc\u00e9 la mise en examen d\u2019une trentaine de personnes, dont un ex-ministre de premier plan du Parti populaire, Crist\u00f3bal Montoro, pour sept d\u00e9lits allant de la fraude \u00e0 la corruption.<\/p>\n","protected":false},"excerpt":{"rendered":"Le\u00a0Conseil de l\u2019Europe\u00a0a critiqu\u00e9 vendredi 1er ao\u00fbt les lacunes de l\u2019Espagne dans la lutte contre la corruption des&hellip;\n","protected":false},"author":2,"featured_media":288539,"comment_status":"","ping_status":"","sticky":false,"template":"","format":"standard","meta":{"footnotes":""},"categories":[1586],"tags":[11,7577,1770,123,1777,674,1011,27,12,25],"class_list":{"0":"post-288538","1":"post","2":"type-post","3":"status-publish","4":"format-standard","5":"has-post-thumbnail","7":"category-europe","8":"tag-actualites","9":"tag-conseil-de-leurope","10":"tag-corruption","11":"tag-espagne","12":"tag-eu","13":"tag-europe","14":"tag-fr","15":"tag-france","16":"tag-news","17":"tag-republique-francaise"},"share_on_mastodon":{"url":"https:\/\/pubeurope.com\/@fr\/114952439553827746","error":""},"_links":{"self":[{"href":"https:\/\/www.europesays.com\/fr\/wp-json\/wp\/v2\/posts\/288538","targetHints":{"allow":["GET"]}}],"collection":[{"href":"https:\/\/www.europesays.com\/fr\/wp-json\/wp\/v2\/posts"}],"about":[{"href":"https:\/\/www.europesays.com\/fr\/wp-json\/wp\/v2\/types\/post"}],"author":[{"embeddable":true,"href":"https:\/\/www.europesays.com\/fr\/wp-json\/wp\/v2\/users\/2"}],"replies":[{"embeddable":true,"href":"https:\/\/www.europesays.com\/fr\/wp-json\/wp\/v2\/comments?post=288538"}],"version-history":[{"count":0,"href":"https:\/\/www.europesays.com\/fr\/wp-json\/wp\/v2\/posts\/288538\/revisions"}],"wp:featuredmedia":[{"embeddable":true,"href":"https:\/\/www.europesays.com\/fr\/wp-json\/wp\/v2\/media\/288539"}],"wp:attachment":[{"href":"https:\/\/www.europesays.com\/fr\/wp-json\/wp\/v2\/media?parent=288538"}],"wp:term":[{"taxonomy":"category","embeddable":true,"href":"https:\/\/www.europesays.com\/fr\/wp-json\/wp\/v2\/categories?post=288538"},{"taxonomy":"post_tag","embeddable":true,"href":"https:\/\/www.europesays.com\/fr\/wp-json\/wp\/v2\/tags?post=288538"}],"curies":[{"name":"wp","href":"https:\/\/api.w.org\/{rel}","templated":true}]}}