{"id":288542,"date":"2025-08-01T07:57:18","date_gmt":"2025-08-01T07:57:18","guid":{"rendered":"https:\/\/www.europesays.com\/fr\/288542\/"},"modified":"2025-08-01T07:57:18","modified_gmt":"2025-08-01T07:57:18","slug":"les-gens-qui-viennent-a-la-boutique-nous-disent-on-sait-ou-va-largent-maintenant-liberation","status":"publish","type":"post","link":"https:\/\/www.europesays.com\/fr\/288542\/","title":{"rendered":"\u00abLes gens qui viennent \u00e0 la boutique nous disent\u00a0\u201cOn sait o\u00f9 va l\u2019argent maintenant\u201d\u00bb \u2013 Lib\u00e9ration"},"content":{"rendered":"<p class=\"sc-ksZaOG ehjQrN text-element\">Dans son bleu, St\u00e9phane Fortin est plut\u00f4t du genre taiseux. Employ\u00e9 chez Duralex depuis 2007, cet ouvrier charg\u00e9 du contr\u00f4le qualit\u00e9 fait visiter la vieille usine. \u00abSon\u00bb usine, serait-on tent\u00e9 d\u2019\u00e9crire, puisque comme environ 150 de ses 243 coll\u00e8gues, St\u00e9phane d\u00e9tient depuis quelques mois <a href=\"https:\/\/www.liberation.fr\/economie\/reprise-de-duralex-par-ses-salaries-le-modele-des-scop-est-seduisant-en-theorie-mais-sa-mise-en-place-est-parfois-complexe-20240902_2RWQNF3SWRF4PODGJ3WZT2V2BU\/\" target=\"_blank\" rel=\"noreferrer nofollow noopener\" title=\"https:\/\/www.liberation.fr\/economie\/reprise-de-duralex-par-ses-salaries-le-modele-des-scop-est-seduisant-en-theorie-mais-sa-mise-en-place-est-parfois-complexe-20240902_2RWQNF3SWRF4PODGJ3WZT2V2BU\/\">un petit morceau de la soci\u00e9t\u00e9 coop\u00e9rative et participative (scop)<\/a> qui la fait vivre depuis un an. Vingt parts, pr\u00e9cis\u00e9ment, pour 1 000 euros. Une somme puis\u00e9e dans ses \u00e9conomies l\u2019\u00e9t\u00e9 dernier, au moment o\u00f9 le c\u00e9l\u00e8bre verrier de La Chapelle-Saint-Mesmin (Loiret) avait bien failli, une \u00e9ni\u00e8me fois, mettre la cl\u00e9 sous la porte.<\/p>\n<p class=\"sc-ksZaOG ehjQrN text-element\">\u00abLe projet \u00e9tait int\u00e9ressant\u00bb, r\u00e9pond simplement St\u00e9phane pour expliquer son investissement. Et puis, il ajoute du bout des l\u00e8vres : \u00ab\u00c7a nous change des actionnaires un peu filous, plus int\u00e9ress\u00e9s par le fait de se servir dans la caisse que par celui d\u2019aider l\u2019entreprise.\u00bb Difficile de lui donner tort quand on conna\u00eet l\u2019histoire de la bo\u00eete. Depuis sa cr\u00e9ation en 1945, Duralex est notamment pass\u00e9 par six d\u00e9p\u00f4ts de bilan <\/p>\n","protected":false},"excerpt":{"rendered":"Dans son bleu, St\u00e9phane Fortin est plut\u00f4t du genre taiseux. Employ\u00e9 chez Duralex depuis 2007, cet ouvrier charg\u00e9&hellip;\n","protected":false},"author":2,"featured_media":288543,"comment_status":"","ping_status":"","sticky":false,"template":"","format":"standard","meta":{"footnotes":""},"categories":[2],"tags":[11,1011,27,10805,12,3951,25],"class_list":{"0":"post-288542","1":"post","2":"type-post","3":"status-publish","4":"format-standard","5":"has-post-thumbnail","7":"category-actualites","8":"tag-actualites","9":"tag-fr","10":"tag-france","11":"tag-industries","12":"tag-news","13":"tag-orleans","14":"tag-republique-francaise"},"share_on_mastodon":{"url":"https:\/\/pubeurope.com\/@fr\/114952447505626558","error":""},"_links":{"self":[{"href":"https:\/\/www.europesays.com\/fr\/wp-json\/wp\/v2\/posts\/288542","targetHints":{"allow":["GET"]}}],"collection":[{"href":"https:\/\/www.europesays.com\/fr\/wp-json\/wp\/v2\/posts"}],"about":[{"href":"https:\/\/www.europesays.com\/fr\/wp-json\/wp\/v2\/types\/post"}],"author":[{"embeddable":true,"href":"https:\/\/www.europesays.com\/fr\/wp-json\/wp\/v2\/users\/2"}],"replies":[{"embeddable":true,"href":"https:\/\/www.europesays.com\/fr\/wp-json\/wp\/v2\/comments?post=288542"}],"version-history":[{"count":0,"href":"https:\/\/www.europesays.com\/fr\/wp-json\/wp\/v2\/posts\/288542\/revisions"}],"wp:featuredmedia":[{"embeddable":true,"href":"https:\/\/www.europesays.com\/fr\/wp-json\/wp\/v2\/media\/288543"}],"wp:attachment":[{"href":"https:\/\/www.europesays.com\/fr\/wp-json\/wp\/v2\/media?parent=288542"}],"wp:term":[{"taxonomy":"category","embeddable":true,"href":"https:\/\/www.europesays.com\/fr\/wp-json\/wp\/v2\/categories?post=288542"},{"taxonomy":"post_tag","embeddable":true,"href":"https:\/\/www.europesays.com\/fr\/wp-json\/wp\/v2\/tags?post=288542"}],"curies":[{"name":"wp","href":"https:\/\/api.w.org\/{rel}","templated":true}]}}