{"id":288544,"date":"2025-08-01T07:58:22","date_gmt":"2025-08-01T07:58:22","guid":{"rendered":"https:\/\/www.europesays.com\/fr\/288544\/"},"modified":"2025-08-01T07:58:22","modified_gmt":"2025-08-01T07:58:22","slug":"leconomie-americaine-bercee-par-le-mirage-donald-trump-liberation","status":"publish","type":"post","link":"https:\/\/www.europesays.com\/fr\/288544\/","title":{"rendered":"L\u2019\u00e9conomie am\u00e9ricaine berc\u00e9e par le mirage Donald Trump \u2013 Lib\u00e9ration"},"content":{"rendered":"<p class=\"sc-ksZaOG ehjQrN text-element\">Donald Trump a beaucoup de chance. Alors qu\u2019il s\u2019enlise depuis des semaines dans l\u2019affaire Jeffrey Epstein, s\u2019enfon\u00e7ant chaque jour <a href=\"https:\/\/www.liberation.fr\/idees-et-debats\/tribunes\/affaire-epstein-donald-trump-englouti-par-son-propre-complotisme-par-christian-salmon-20250729_BO7RVKOLJZCUFA3SC2LMPSPPP4\/\" target=\"_blank\" rel=\"nofollow noopener\" title=\"https:\/\/www.liberation.fr\/idees-et-debats\/tribunes\/affaire-epstein-donald-trump-englouti-par-son-propre-complotisme-par-christian-salmon-20250729_BO7RVKOLJZCUFA3SC2LMPSPPP4\/\">dans les soup\u00e7ons de collusion avec un pr\u00e9dateur sexuel<\/a>, le Pr\u00e9sident savoure cette semaine une diversion providentielle, une petite avalanche de bons chiffres \u00e9conomiques qui semblent d\u00e9mentir les cons\u00e9quences de sa politique douani\u00e8re, d\u00e9crites depuis des mois comme un d\u00e9sastre en marche pour la croissance et l\u2019indice des prix. Trump, ces derniers jours, s\u2019est invent\u00e9 des sondages en hausse alors que sa cote touche le plus bas niveau de sa carri\u00e8re politique : 37 % d\u2019approbation. Mais puisque les statistiques \u00e9conomiques le servent, le m\u00eame pr\u00e9sident daigne enfin en confirmer la r\u00e9alit\u00e9. Pour l\u2019instant\u2026<\/p>\n<p class=\"sc-ksZaOG ehjQrN text-element\">Avec 3 % de croissance, une inflation inchang\u00e9e \u00e0 2,7 %, et un taux de ch\u00f4mage de 4,1 % seulement, Trump est m\u00eame tent\u00e9, pour la premi\u00e8re fois depuis janvier, de s\u2019arroger le cr\u00e9dit de la situation \u00e9conomique, et de cesser de bl\u00e2mer son pr\u00e9d\u00e9cesseur Joe Biden pour les nouvelles inqui\u00e9tantes pr\u00e9sent\u00e9es depuis des mois par la R\u00e9serve f\u00e9d\u00e9rale.<\/p>\n","protected":false},"excerpt":{"rendered":"Donald Trump a beaucoup de chance. Alors qu\u2019il s\u2019enlise depuis des semaines dans l\u2019affaire Jeffrey Epstein, s\u2019enfon\u00e7ant chaque&hellip;\n","protected":false},"author":2,"featured_media":288545,"comment_status":"","ping_status":"","sticky":false,"template":"","format":"standard","meta":{"footnotes":""},"categories":[2],"tags":[11,75,73,1011,27,1074,12,25],"class_list":{"0":"post-288544","1":"post","2":"type-post","3":"status-publish","4":"format-standard","5":"has-post-thumbnail","7":"category-actualites","8":"tag-actualites","9":"tag-donald-trump","10":"tag-etats-unis","11":"tag-fr","12":"tag-france","13":"tag-guerre-commerciale","14":"tag-news","15":"tag-republique-francaise"},"share_on_mastodon":{"url":"https:\/\/pubeurope.com\/@fr\/114952451285244624","error":""},"_links":{"self":[{"href":"https:\/\/www.europesays.com\/fr\/wp-json\/wp\/v2\/posts\/288544","targetHints":{"allow":["GET"]}}],"collection":[{"href":"https:\/\/www.europesays.com\/fr\/wp-json\/wp\/v2\/posts"}],"about":[{"href":"https:\/\/www.europesays.com\/fr\/wp-json\/wp\/v2\/types\/post"}],"author":[{"embeddable":true,"href":"https:\/\/www.europesays.com\/fr\/wp-json\/wp\/v2\/users\/2"}],"replies":[{"embeddable":true,"href":"https:\/\/www.europesays.com\/fr\/wp-json\/wp\/v2\/comments?post=288544"}],"version-history":[{"count":0,"href":"https:\/\/www.europesays.com\/fr\/wp-json\/wp\/v2\/posts\/288544\/revisions"}],"wp:featuredmedia":[{"embeddable":true,"href":"https:\/\/www.europesays.com\/fr\/wp-json\/wp\/v2\/media\/288545"}],"wp:attachment":[{"href":"https:\/\/www.europesays.com\/fr\/wp-json\/wp\/v2\/media?parent=288544"}],"wp:term":[{"taxonomy":"category","embeddable":true,"href":"https:\/\/www.europesays.com\/fr\/wp-json\/wp\/v2\/categories?post=288544"},{"taxonomy":"post_tag","embeddable":true,"href":"https:\/\/www.europesays.com\/fr\/wp-json\/wp\/v2\/tags?post=288544"}],"curies":[{"name":"wp","href":"https:\/\/api.w.org\/{rel}","templated":true}]}}