{"id":288572,"date":"2025-08-01T08:15:11","date_gmt":"2025-08-01T08:15:11","guid":{"rendered":"https:\/\/www.europesays.com\/fr\/288572\/"},"modified":"2025-08-01T08:15:11","modified_gmt":"2025-08-01T08:15:11","slug":"bearn-un-proces-un-cas-autochtone-de-chikungunya-de-plus-en-plus-de-plages-fermees-3-faits-divers-a-lire-ce-vendredi-la-republique-des-pyrenees","status":"publish","type":"post","link":"https:\/\/www.europesays.com\/fr\/288572\/","title":{"rendered":"B\u00e9arn : un proc\u00e8s, un cas autochtone de chikungunya, de plus en plus de plages ferm\u00e9es\u2026 3 faits divers \u00e0 lire ce vendredi &#8211; La R\u00e9publique des Pyr\u00e9n\u00e9es"},"content":{"rendered":"<ol>\n<li><a href=\"https:\/\/news.google.com\/rss\/articles\/CBMimAJBVV95cUxONW5TT0lMRXlWYW0xLWRHSURfYzRaTzNZcGJaZVA5N29mYldFMWQzc29ES0VjRHdUcDZscG9DQmVrMlZ1WnE2MVNlX2oxLU1QdGtISEdmVFJJQWVNZjROV29ZekVNeTkwMUFIZUxudTlyMzl1UTE2UzlvWjRLUmlfc3NnQ3dXVnFZWThNZTE1TFhYN09tNlVUelZOTkRlTnFsVF9kMXFRcXMta3hINzYtVHM1bHRfYV9VWEV4VW5vQ2lBVzdQa0ZxZENycHJSTFFZYUdDZDNEWm5OVGswR0tRaGt1OGxVUzdoRU53ZzVCZWFVampKU2trLU1KWmhMMy1GT01INFp2Q1piaXBQTFhEVlBsdGxiSjNa?oc=5\" target=\"_blank\" rel=\"nofollow noopener\">B\u00e9arn : un proc\u00e8s, un cas autochtone de chikungunya, de plus en plus de plages ferm\u00e9es\u2026 3 faits divers \u00e0 lire ce vendredi<\/a>&nbsp;&nbsp;La R\u00e9publique des Pyr\u00e9n\u00e9es<\/li>\n<li><a href=\"https:\/\/news.google.com\/rss\/articles\/CBMi7gFBVV95cUxQajVmUzlVNk5pUDZreHpRd1pRV2FqNUhxeDlaUnJxMDZQSWJnQURxSVZ4VF9DVDV3VjhPV216US1Tc29xMGMyZlRTMFhmbFlNdGgtdHVGM3BUMWNPOGVUcDRreEFmQjB6RTNpaHhaeWRyM282dWNVZDNWc0JpWm5CZ2sxTUt1X1d1NDY2RUtFb0FKTVhaVnB1dmNzSDF5SFM1aFU4YzlUUF9jZmRMVEhxM1NDcGM2aFlLWUVZVWVSNTZiR0E2TjltYkx1d3pabXJPUGNvUFBxLUJFMUtmOElMLUk5VGNPa3R5RFM0cVJn?oc=5\" target=\"_blank\" rel=\"nofollow noopener\">Chikungunya dans les Pyr\u00e9n\u00e9es-Atlantiques : un premier cas autochtone au Pays basque, \u00e0 Hendaye<\/a>&nbsp;&nbsp;Sud Ouest<\/li>\n<li><a href=\"https:\/\/news.google.com\/rss\/articles\/CBMi1gFBVV95cUxQWWJWek1qb1JHVjBCYjRXTzdERmVBNGhzR2xMYVMwUndrcWY5OWQ1aW5GbFBhTVVEcV9zSFRuVTUtdUlZOXFabE1pb0hMZ0lUUE91RkZJRm1zaDRjdW5MV053RWQ3cENMdDkwc09yX0lMTTRjejVGaDJJQkVKUUF0SkhPZDVXb3ZTd0tmUVh2WDhkeEVpSUtLbnhNRTdTQW1INW1vVUJTRGxZdlVBVVZLU3JyRDJlMjhCSlUzc2hUNTlQamlQc0lsVUFXWlA0aTVPaVF3c2RR?oc=5\" target=\"_blank\" rel=\"nofollow noopener\">Le virus du chikungunya invalid\u00e9 pour l&rsquo;enfant de 5 ans hospitalis\u00e9 en Gironde<\/a>&nbsp;&nbsp;Actu.fr<\/li>\n<li><a href=\"https:\/\/news.google.com\/rss\/articles\/CBMijwFBVV95cUxNVjZZOW84cUpvd2p5VlJyb1plZVU3SEdydlhFTDZsVGRzN3c1bU15ZlFnZGdMMzdKNWU1VTlSY2xIdnZLZXltUzFYekE4VlNLZUVNVEFoNnBZZU1ubE02b0h5cVlua21YWnNLcXh3aVdlSl93V01tSzlIQXl4ZzVVZTFFTlJZQ0ZCNFhSMDZ1NA?oc=5\" target=\"_blank\" rel=\"nofollow noopener\">Deux cas de chikungunya \u00e0 Poulx<\/a>&nbsp;&nbsp;francebleu.fr<\/li>\n<li><a href=\"https:\/\/news.google.com\/rss\/articles\/CBMihAJBVV95cUxQN3VWTzhGRDJIVlVkeXRkZnRERk9tWHZEajJXc0o0SnZOdkxLTjdqaWZvWHVjTHJtdWNrMEpGMzBkbmFyUjJDSzJMYkFISV9QM1JjdTl6dV9hNVJndUV1TG9pcUpvS3VvUUJjSVNvajJySUNhbWQtdzFiQTFFMHJpWGFYY1RKLWtjcVVuVnlfVnRfazgtLUlrWlJqYVJFYzRzNEFHTjRidWp3UmRvbjBiUjVsVXJzbnpVZ0xmUjU0WWVJX2xjN2dLZlQ4dmtUWHA4dmJGNUM5aFVqS1lZSDlkVzI3MjJDcDFTSE9wSDc4Y1c0QUFmNTNQYV9Xak9pNDdFeUI4bw?oc=5\" target=\"_blank\" rel=\"nofollow noopener\">Chikungunya pr\u00e8s de Montpellier : 9 cas autochtones d\u00e9sormais recens\u00e9s dans la seule commune de Castries, selon un dernier bilan<\/a>&nbsp;&nbsp;Midi Libre<\/li>\n<\/ol>\n","protected":false},"excerpt":{"rendered":"B\u00e9arn : un proc\u00e8s, un cas autochtone de chikungunya, de plus en plus de plages ferm\u00e9es\u2026 3 faits&hellip;\n","protected":false},"author":2,"featured_media":288573,"comment_status":"","ping_status":"","sticky":false,"template":"","format":"standard","meta":{"footnotes":""},"categories":[10],"tags":[1011,27,72,71],"class_list":{"0":"post-288572","1":"post","2":"type-post","3":"status-publish","4":"format-standard","5":"has-post-thumbnail","7":"category-sante","8":"tag-fr","9":"tag-france","10":"tag-health","11":"tag-sante"},"share_on_mastodon":{"url":"https:\/\/pubeurope.com\/@fr\/114952517952323128","error":""},"_links":{"self":[{"href":"https:\/\/www.europesays.com\/fr\/wp-json\/wp\/v2\/posts\/288572","targetHints":{"allow":["GET"]}}],"collection":[{"href":"https:\/\/www.europesays.com\/fr\/wp-json\/wp\/v2\/posts"}],"about":[{"href":"https:\/\/www.europesays.com\/fr\/wp-json\/wp\/v2\/types\/post"}],"author":[{"embeddable":true,"href":"https:\/\/www.europesays.com\/fr\/wp-json\/wp\/v2\/users\/2"}],"replies":[{"embeddable":true,"href":"https:\/\/www.europesays.com\/fr\/wp-json\/wp\/v2\/comments?post=288572"}],"version-history":[{"count":0,"href":"https:\/\/www.europesays.com\/fr\/wp-json\/wp\/v2\/posts\/288572\/revisions"}],"wp:featuredmedia":[{"embeddable":true,"href":"https:\/\/www.europesays.com\/fr\/wp-json\/wp\/v2\/media\/288573"}],"wp:attachment":[{"href":"https:\/\/www.europesays.com\/fr\/wp-json\/wp\/v2\/media?parent=288572"}],"wp:term":[{"taxonomy":"category","embeddable":true,"href":"https:\/\/www.europesays.com\/fr\/wp-json\/wp\/v2\/categories?post=288572"},{"taxonomy":"post_tag","embeddable":true,"href":"https:\/\/www.europesays.com\/fr\/wp-json\/wp\/v2\/tags?post=288572"}],"curies":[{"name":"wp","href":"https:\/\/api.w.org\/{rel}","templated":true}]}}