{"id":288578,"date":"2025-08-01T08:18:12","date_gmt":"2025-08-01T08:18:12","guid":{"rendered":"https:\/\/www.europesays.com\/fr\/288578\/"},"modified":"2025-08-01T08:18:12","modified_gmt":"2025-08-01T08:18:12","slug":"lagence-spatiale-russe-et-la-nasa-daccord-pour-exploiter-liss-jusquen-2028","status":"publish","type":"post","link":"https:\/\/www.europesays.com\/fr\/288578\/","title":{"rendered":"L\u2019agence spatiale russe et la NASA d\u2019accord pour exploiter l\u2019ISS jusqu\u2019en\u00a02028"},"content":{"rendered":"<p>                          <img loading=\"lazy\" decoding=\"async\" src=\"https:\/\/www.europesays.com\/fr\/wp-content\/uploads\/2025\/08\/00ac2c2_ftp-import-images-1-nl5p4ircleus-2025-07-29t211759z-834129058-rc2tsdadz06c-rtrmadp-3-usa-rus.jpeg\" alt=\"Le directeur de l\u2019agence spatiale russe Roscosmos, Dmitry Bakanov, assiste \u00e0 une r\u00e9union du Comit\u00e9 d\u2019Etat, au cosmodrome de Ba\u00efkonour, au Kazakhstan, le 7\u00a0avril 2025. \"   width=\"664\" height=\"443\"\/>    Le directeur de l\u2019agence spatiale russe Roscosmos, Dmitry Bakanov, assiste \u00e0 une r\u00e9union du Comit\u00e9 d\u2019Etat, au cosmodrome de Ba\u00efkonour, au Kazakhstan, le 7\u00a0avril 2025.  MAXIM SHEMETOV \/ REUTERS                   <\/p>\n<p class=\"article__paragraph  \">Il s\u2019agit de l\u2019un des derniers domaines de coop\u00e9ration entre la Russie et les Etats-Unis. L\u2019agence spatiale russe Roscosmos et la NASA sont convenues de continuer \u00e0 exploiter ensemble la Station spatiale internationale (ISS) jusqu\u2019en\u00a02028, a annonc\u00e9 jeudi 31\u00a0juillet le directeur russe apr\u00e8s la premi\u00e8re rencontre en face-\u00e0-face avec son homologue am\u00e9ricain depuis 2018.<\/p>\n<p class=\"article__paragraph  \">\u00ab\u00a0Le dialogue s\u2019est bien pass\u00e9. Nous avons convenu de continuer \u00e0 exploiter l\u2019ISS jusqu\u2019en\u00a02028. (\u2026) Et jusqu\u2019en\u00a02030, nous travaillerons sur sa mise hors orbite\u00a0\u00bb, a d\u00e9clar\u00e9 Dmitri Bakanov, cit\u00e9 par l\u2019agence de presse \u00e9tatique TASS.<\/p>\n<p class=\"article__paragraph  \">Selon lui, Roscosmos et la NASA ont aussi pr\u00e9vu de discuter de leur coop\u00e9ration lorsque les stations orbitales nationales qui succ\u00e9deront \u00e0 l\u2019ISS seront d\u00e9ploy\u00e9es, ainsi que de la mani\u00e8re de \u00ab\u00a0les exploiter, et pour une s\u00e9rie de missions dans l\u2019espace lointain\u00a0\u00bb. M.\u00a0Bakanov \u00e9tait arriv\u00e9 mardi \u00e0 Houston aux Etats-Unis pour s\u2019entretenir avec l\u2019administrateur par int\u00e9rim de la NASA, Sean Duffy, malgr\u00e9 les graves tensions dues au conflit en Ukraine.<\/p>\n<p>             Mod\u00e8le de coop\u00e9ration internationale             <\/p>\n<p class=\"article__paragraph  \">La Russie avait annonc\u00e9 en avril\u00a02023 son intention de continuer \u00e0 utiliser encore pour quelques ann\u00e9es son segment de ce laboratoire orbital, o\u00f9 se trouvent en permanence ses cosmonautes, en d\u00e9pit de sa v\u00e9tust\u00e9.<\/p>\n<p class=\"article__paragraph  \">Moscou ambitionne de construire sa propre station orbitale, malgr\u00e9 les difficult\u00e9s du secteur spatial russe, min\u00e9 depuis des ann\u00e9es par un sous-financement chronique, des revers et des scandales de corruption. Le pr\u00e9sident Vladimir Poutine a estim\u00e9 en octobre\u00a02023 que le premier segment de cette nouvelle station spatiale russe devait \u00eatre mis en orbite en\u00a02027.<\/p>\n<p>                                Lire aussi :  Article r\u00e9serv\u00e9 \u00e0 nos abonn\u00e9s  <a href=\"https:\/\/www.lemonde.fr\/sciences\/article\/2022\/07\/26\/apres-l-annonce-du-retrait-russe-quel-avenir-pour-la-station-spatiale-internationale_6136257_1650684.html\" class=\"js-article-read-also catcher--favoris__link\" data-premium=\"1\" id=\"article-title-3284103\" rel=\"nofollow noopener\" target=\"_blank\">Apr\u00e8s l\u2019annonce du retrait russe, quel avenir pour la Station spatiale internationale\u00a0?<\/a>    <\/p>\n<p>   Lire plus tard  <\/p>\n<p class=\"article__paragraph  \">Dans le cadre des sanctions contre la Russie adopt\u00e9es depuis 2022, les pays occidentaux ont mis fin \u00e0 leur partenariat avec Roscosmos, mais les vaisseaux russes Soyouz restent l\u2019un des seuls moyens d\u2019acheminer des \u00e9quipages vers l\u2019ISS, et Moscou joue un r\u00f4le-cl\u00e9 dans son maintien en orbite.<\/p>\n<p class=\"article__paragraph  \">Mod\u00e8le de coop\u00e9ration internationale r\u00e9unissant l\u2019Europe, le Japon, les Etats-Unis et la Russie, l\u2019ISS a commenc\u00e9 \u00e0 \u00eatre assembl\u00e9e en\u00a01998. Sa mise \u00e0 la retraite \u00e9tait pr\u00e9vue en\u00a02024, mais la NASA a estim\u00e9 qu\u2019elle pouvait fonctionner jusqu\u2019en\u00a02030.<\/p>\n<p>                                Lire aussi |  Article r\u00e9serv\u00e9 \u00e0 nos abonn\u00e9s  <a href=\"https:\/\/www.lemonde.fr\/sciences\/article\/2022\/03\/04\/fusees-exomars-iss-la-guerre-en-ukraine-gele-de-nombreuses-activites-spatiales_6116062_1650684.html\" class=\"js-article-read-also catcher--favoris__link\" data-premium=\"1\" id=\"article-title-3263204\" rel=\"nofollow noopener\" target=\"_blank\">Guerre en Ukraine\u00a0: fus\u00e9es, ExoMars, ISS&#8230; La fin de la coop\u00e9ration avec la Russie met de nombreuses activit\u00e9s spatiales \u00e0 l\u2019arr\u00eat<\/a>    <\/p>\n<p>   Lire plus tard  <\/p>\n<p class=\"author__detail\">  Le Monde avec AFP  <\/p>\n<p>                  <a href=\"https:\/\/www.lemonde.fr\/syndication\/\" class=\"reuse__content\" title=\"R\u00e9utiliser ce contenu\" target=\"_blank\" rel=\"nofollow noopener\">R\u00e9utiliser ce contenu<\/a>      <\/p>\n","protected":false},"excerpt":{"rendered":"Le directeur de l\u2019agence spatiale russe Roscosmos, Dmitry Bakanov, assiste \u00e0 une r\u00e9union du Comit\u00e9 d\u2019Etat, au cosmodrome&hellip;\n","protected":false},"author":2,"featured_media":288579,"comment_status":"","ping_status":"","sticky":false,"template":"","format":"standard","meta":{"footnotes":""},"categories":[7],"tags":[1011,27,43,40,41,39,42,44],"class_list":{"0":"post-288578","1":"post","2":"type-post","3":"status-publish","4":"format-standard","5":"has-post-thumbnail","7":"category-sciences-et-technologies","8":"tag-fr","9":"tag-france","10":"tag-science","11":"tag-science-and-technology","12":"tag-sciences","13":"tag-sciences-et-technologies","14":"tag-technologies","15":"tag-technology"},"share_on_mastodon":{"url":"https:\/\/pubeurope.com\/@fr\/114952529762439315","error":""},"_links":{"self":[{"href":"https:\/\/www.europesays.com\/fr\/wp-json\/wp\/v2\/posts\/288578","targetHints":{"allow":["GET"]}}],"collection":[{"href":"https:\/\/www.europesays.com\/fr\/wp-json\/wp\/v2\/posts"}],"about":[{"href":"https:\/\/www.europesays.com\/fr\/wp-json\/wp\/v2\/types\/post"}],"author":[{"embeddable":true,"href":"https:\/\/www.europesays.com\/fr\/wp-json\/wp\/v2\/users\/2"}],"replies":[{"embeddable":true,"href":"https:\/\/www.europesays.com\/fr\/wp-json\/wp\/v2\/comments?post=288578"}],"version-history":[{"count":0,"href":"https:\/\/www.europesays.com\/fr\/wp-json\/wp\/v2\/posts\/288578\/revisions"}],"wp:featuredmedia":[{"embeddable":true,"href":"https:\/\/www.europesays.com\/fr\/wp-json\/wp\/v2\/media\/288579"}],"wp:attachment":[{"href":"https:\/\/www.europesays.com\/fr\/wp-json\/wp\/v2\/media?parent=288578"}],"wp:term":[{"taxonomy":"category","embeddable":true,"href":"https:\/\/www.europesays.com\/fr\/wp-json\/wp\/v2\/categories?post=288578"},{"taxonomy":"post_tag","embeddable":true,"href":"https:\/\/www.europesays.com\/fr\/wp-json\/wp\/v2\/tags?post=288578"}],"curies":[{"name":"wp","href":"https:\/\/api.w.org\/{rel}","templated":true}]}}