{"id":288581,"date":"2025-08-01T08:20:12","date_gmt":"2025-08-01T08:20:12","guid":{"rendered":"https:\/\/www.europesays.com\/fr\/288581\/"},"modified":"2025-08-01T08:20:12","modified_gmt":"2025-08-01T08:20:12","slug":"ce-quil-faut-savoir-sur-le-parachutage-daide-de-la-france-prevu-des-ce-vendredi","status":"publish","type":"post","link":"https:\/\/www.europesays.com\/fr\/288581\/","title":{"rendered":"ce qu\u2019il faut savoir sur le parachutage d\u2019aide de la France pr\u00e9vu d\u00e8s ce vendredi"},"content":{"rendered":"<p>Le ministre des Affaires \u00e9trang\u00e8res, Jean-No\u00ebl Barrot a annonc\u00e9 mercredi que l\u2019arm\u00e9e fran\u00e7aise allait larguer 40 tonnes de vivres dans l\u2019enclave palestinienne, o\u00f9 la malnutrition atteint des niveaux alarmants.<\/p>\n<p class=\"fig-paragraph\">Apr\u00e8s le Royaume-Uni mardi, la France va elle aussi larguer 40 tonnes d\u2019aide sur la bande de Gaza \u00e0 partir de ce vendredi 1er ao\u00fbt, afin de venir en aide \u00e0 la\u00a0<a href=\"http:\/\/www.lefigaro.fr\/international\/beaucoup-de-gens-meurent-de-faim-face-a-la-famine-a-gaza-benyamin-netanyahou-sous-pression-20250729\" target=\"_blank\" data-fig-type=\"Article\" rel=\"noopener nofollow\" data-gtm-custom-categorie=\"navigation\" data-gtm-custom-action=\"crossclick\" data-gtm-custom-label=\"Contextuel\" data-gtm-event=\"customEventSPE\" data-fig-domain=\"LEFIGARO\">population palestinienne affam\u00e9e<\/a>. D\u2019apr\u00e8s les informations communiqu\u00e9es au Figaro par le cabinet du chef d\u2019\u00e9tat-major, \u00abun avion\u00bb stationn\u00e9 en Jordanie proc\u00e9dera \u00e0 \u00abplusieurs rotations a\u00e9riennes, r\u00e9parties sur plusieurs jours et coordonn\u00e9es par l\u2019arm\u00e9e de l\u2019air jordanienne\u00bb. Mardi, le ministre des Affaires \u00e9trang\u00e8res\u00a0<a href=\"http:\/\/www.lefigaro.fr\/international\/gaza-le-pire-scenario-de-famine-est-en-cours-selon-l-ipc-20250729\" target=\"_blank\" data-fig-type=\"NewsFlash\" rel=\"noopener nofollow\" data-gtm-custom-categorie=\"navigation\" data-gtm-custom-action=\"crossclick\" data-gtm-custom-label=\"Contextuel\" data-gtm-event=\"customEventSPE\" data-fig-domain=\"LEFIGARO\">Jean-No\u00ebl Barrot<\/a>\u00a0a mentionn\u00e9 \u00abquatre vols emportant 10 tonnes de vivres chacun\u00bb, laissant sous-entendre que quatre rotations seront effectu\u00e9es.<\/p>\n<p class=\"fig-paragraph\">Les colis humanitaires qui vont \u00eatre parachut\u00e9s sont compos\u00e9s de \u00abdenr\u00e9es non p\u00e9rissables\u00bb, pr\u00e9cise cette m\u00eame source, sans donner plus de d\u00e9tails. Selon un responsable d\u2019Action contre la faim (ACF),\u00a0<a href=\"http:\/\/www.lefigaro.fr\/international\/inefficace-et-dangereux-effet-de-communication-le-largage-d-aide-humanitaire-a-gaza-par-la-france-decrie-par-les-ong-20250730\" target=\"_blank\" data-fig-type=\"Article\" rel=\"noopener nofollow\" data-gtm-custom-categorie=\"navigation\" data-gtm-custom-action=\"crossclick\" data-gtm-custom-label=\"Contextuel\" data-gtm-event=\"customEventSPE\" data-fig-domain=\"LEFIGARO\">interrog\u00e9 par Le Figaro<\/a>, les biens les plus importants \u00e0 Gaza tels que \u00abla nourriture th\u00e9rapeutique pour les enfants, l\u2019essence ou l\u2019eau\u00bb, ne peuvent \u00eatre transmis par les airs. L\u2019arm\u00e9e jordanienne, qui a d\u00e9j\u00e0 proc\u00e9d\u00e9 \u00e0 des largages, a de son c\u00f4t\u00e9 parachut\u00e9 des colis de sucre, de l\u00e9gumineuses et de lait infantile.<\/p>\n<p>                                    <a class=\"fig-a11y-skip a11y-hidden\" href=\"#fig-a11y-skip-main-inarticle\"><br \/>\n        Passer la publicit\u00e9<br \/>\n    <\/a><\/p>\n<p>Multiplication des largages<\/p>\n<p class=\"fig-paragraph\">L\u2019avion fran\u00e7ais partira certainement de la base a\u00e9rienne fran\u00e7aise Prince-Hassan, situ\u00e9e au nord-est d\u2019Amman, la capitale de la Jordanie. Environ deux heures de vol sont n\u00e9cessaires pour effectuer le largage. Les soldats de l\u2019arm\u00e9e de l\u2019air, form\u00e9s \u00e0 ce type de parachutage, monteront probablement \u00e0 bord d\u2019un Lockheed C-130J Super Hercules ou d\u2019un Lockheed C-130 Hercules. Ces avions ont d\u00e9j\u00e0 \u00e9t\u00e9 employ\u00e9s par la France en f\u00e9vrier et avril 2024, pour larguer 2,2 tonnes puis 7,5 tonnes d\u2019aide humanitaire sur la bande de Gaza. La base fran\u00e7aise en Jordanie peut \u00e9galement accueillir des Airbus A400M Atlas, avions de transport militaire qui ont d\u00e9j\u00e0 achemin\u00e9 des kits m\u00e9dicaux d\u2019urgences et du mat\u00e9riel hospitalier en \u00c9gypte en octobre 2023, toujours dans le cadre du conflit isra\u00e9lo-palestinien.<\/p>\n<p class=\"fig-paragraph\">Les largages humanitaires ont repris depuis dimanche afin de venir en aide \u00e0 la population palestinienne affam\u00e9e, apr\u00e8s que l\u2019arm\u00e9e isra\u00e9lienne a annonc\u00e9 une pause des combats \u00e0 des fins humanitaires. Les premiers parachutages ont \u00e9t\u00e9 men\u00e9s par la Jordanie et les \u00c9mirats arabes unis. Le Royaume-Uni a \u00e9t\u00e9 le premier pays europ\u00e9en a largu\u00e9 des vivres. Il a \u00e9t\u00e9 suivi par de nombreux pays europ\u00e9ens qui ont annonc\u00e9 mettre en place un \u00abpont a\u00e9rien\u00bb avec la Jordanie, sur le m\u00eame mod\u00e8le que la France. Parmi eux, l\u2019Allemagne et la Belgique.<\/p>\n","protected":false},"excerpt":{"rendered":"Le ministre des Affaires \u00e9trang\u00e8res, Jean-No\u00ebl Barrot a annonc\u00e9 mercredi que l\u2019arm\u00e9e fran\u00e7aise allait larguer 40 tonnes de&hellip;\n","protected":false},"author":2,"featured_media":288582,"comment_status":"","ping_status":"","sticky":false,"template":"","format":"standard","meta":{"footnotes":""},"categories":[5],"tags":[11,3259,1011,27,665,14,12,28],"class_list":{"0":"post-288581","1":"post","2":"type-post","3":"status-publish","4":"format-standard","5":"has-post-thumbnail","7":"category-international","8":"tag-actualites","9":"tag-conflit-israelo-palestinien","10":"tag-fr","11":"tag-france","12":"tag-gaza","13":"tag-international","14":"tag-news","15":"tag-world"},"share_on_mastodon":{"url":"https:\/\/pubeurope.com\/@fr\/114952537612068428","error":""},"_links":{"self":[{"href":"https:\/\/www.europesays.com\/fr\/wp-json\/wp\/v2\/posts\/288581","targetHints":{"allow":["GET"]}}],"collection":[{"href":"https:\/\/www.europesays.com\/fr\/wp-json\/wp\/v2\/posts"}],"about":[{"href":"https:\/\/www.europesays.com\/fr\/wp-json\/wp\/v2\/types\/post"}],"author":[{"embeddable":true,"href":"https:\/\/www.europesays.com\/fr\/wp-json\/wp\/v2\/users\/2"}],"replies":[{"embeddable":true,"href":"https:\/\/www.europesays.com\/fr\/wp-json\/wp\/v2\/comments?post=288581"}],"version-history":[{"count":0,"href":"https:\/\/www.europesays.com\/fr\/wp-json\/wp\/v2\/posts\/288581\/revisions"}],"wp:featuredmedia":[{"embeddable":true,"href":"https:\/\/www.europesays.com\/fr\/wp-json\/wp\/v2\/media\/288582"}],"wp:attachment":[{"href":"https:\/\/www.europesays.com\/fr\/wp-json\/wp\/v2\/media?parent=288581"}],"wp:term":[{"taxonomy":"category","embeddable":true,"href":"https:\/\/www.europesays.com\/fr\/wp-json\/wp\/v2\/categories?post=288581"},{"taxonomy":"post_tag","embeddable":true,"href":"https:\/\/www.europesays.com\/fr\/wp-json\/wp\/v2\/tags?post=288581"}],"curies":[{"name":"wp","href":"https:\/\/api.w.org\/{rel}","templated":true}]}}