{"id":288598,"date":"2025-08-01T08:30:11","date_gmt":"2025-08-01T08:30:11","guid":{"rendered":"https:\/\/www.europesays.com\/fr\/288598\/"},"modified":"2025-08-01T08:30:11","modified_gmt":"2025-08-01T08:30:11","slug":"un-bus-de-ville-prend-feu-pres-de-montpellier","status":"publish","type":"post","link":"https:\/\/www.europesays.com\/fr\/288598\/","title":{"rendered":"un bus de ville prend feu pr\u00e8s de Montpellier"},"content":{"rendered":"<p>\nUn bus du r\u00e9seau de la TAM  a enti\u00e8rement pris feu ce jeudi 31 juillet dans les rues de Castlenau-le-Lez.<\/p>\n<p>\n\u00a9 infOccitanie \u2013 photo d\u2019illustration \/ Accident .<\/p>\n<p>Selon<a href=\"https:\/\/www.francebleu.fr\/infos\/faits-divers-justice\/un-bus-de-ville-prend-feu-a-castelnau-le-lez-la-conductrice-indemne-1326636\" target=\"_blank\" rel=\"nofollow noopener\"> Ici H\u00e9rault, <\/a><strong>un bus de la soci\u00e9t\u00e9 Transmed, sous-traitant de la TAM, s\u2019est enti\u00e8rement embras\u00e9<\/strong>, un peu avant 23h, dans la rue de la Vieille Poste, \u00e0 Castelnau-le-Lez, jeudi 31 juillet 2025. Fort heureusement,  il n\u2019y avait aucun passager lorsque le bus a pris feu, la conductrice est sortie saine et sauve d\u2019apr\u00e8s les pompiers, indique la m\u00eame source. Les secours sont intervenus avec deux lances \u00e0 eau, au regard du bus qui s\u2019\u00e9tait enti\u00e8rement embras\u00e9.\u00a0<strong>La circulation a \u00e9t\u00e9 coup\u00e9e dans cette rue<\/strong>\u00a0le temps de l\u2019intervention.<\/p>\n","protected":false},"excerpt":{"rendered":"Un bus du r\u00e9seau de la TAM a enti\u00e8rement pris feu ce jeudi 31 juillet dans les rues&hellip;\n","protected":false},"author":2,"featured_media":288599,"comment_status":"","ping_status":"","sticky":false,"template":"","format":"standard","meta":{"footnotes":""},"categories":[9599],"tags":[1111,11,42765,1777,674,1011,27,2208,12,2680,25,42766],"class_list":{"0":"post-288598","1":"post","2":"type-post","3":"status-publish","4":"format-standard","5":"has-post-thumbnail","7":"category-montpellier","8":"tag-actu","9":"tag-actualites","10":"tag-castelnau-le-lez","11":"tag-eu","12":"tag-europe","13":"tag-fr","14":"tag-france","15":"tag-montpellier","16":"tag-news","17":"tag-occitanie","18":"tag-republique-francaise","19":"tag-sdis34"},"share_on_mastodon":{"url":"https:\/\/pubeurope.com\/@fr\/114952577066384207","error":""},"_links":{"self":[{"href":"https:\/\/www.europesays.com\/fr\/wp-json\/wp\/v2\/posts\/288598","targetHints":{"allow":["GET"]}}],"collection":[{"href":"https:\/\/www.europesays.com\/fr\/wp-json\/wp\/v2\/posts"}],"about":[{"href":"https:\/\/www.europesays.com\/fr\/wp-json\/wp\/v2\/types\/post"}],"author":[{"embeddable":true,"href":"https:\/\/www.europesays.com\/fr\/wp-json\/wp\/v2\/users\/2"}],"replies":[{"embeddable":true,"href":"https:\/\/www.europesays.com\/fr\/wp-json\/wp\/v2\/comments?post=288598"}],"version-history":[{"count":0,"href":"https:\/\/www.europesays.com\/fr\/wp-json\/wp\/v2\/posts\/288598\/revisions"}],"wp:featuredmedia":[{"embeddable":true,"href":"https:\/\/www.europesays.com\/fr\/wp-json\/wp\/v2\/media\/288599"}],"wp:attachment":[{"href":"https:\/\/www.europesays.com\/fr\/wp-json\/wp\/v2\/media?parent=288598"}],"wp:term":[{"taxonomy":"category","embeddable":true,"href":"https:\/\/www.europesays.com\/fr\/wp-json\/wp\/v2\/categories?post=288598"},{"taxonomy":"post_tag","embeddable":true,"href":"https:\/\/www.europesays.com\/fr\/wp-json\/wp\/v2\/tags?post=288598"}],"curies":[{"name":"wp","href":"https:\/\/api.w.org\/{rel}","templated":true}]}}