{"id":288600,"date":"2025-08-01T08:31:10","date_gmt":"2025-08-01T08:31:10","guid":{"rendered":"https:\/\/www.europesays.com\/fr\/288600\/"},"modified":"2025-08-01T08:31:10","modified_gmt":"2025-08-01T08:31:10","slug":"escape-game-en-ville-activites-nautiques-gratuites-expo-david-lynch-que-faire-a-rouen-ce-weekend","status":"publish","type":"post","link":"https:\/\/www.europesays.com\/fr\/288600\/","title":{"rendered":"Escape game en ville, activit\u00e9s nautiques gratuites, expo David Lynch&#8230; Que faire \u00e0 Rouen ce weekend\u00a0?"},"content":{"rendered":"<p>            Par<br \/>\n        <strong><br \/>\n            <a href=\"https:\/\/actu.fr\/auteur\/fmass\" title=\"Consulter tous les articles de Fabien Massin\" target=\"_blank\" rel=\"noopener\">Fabien Massin<\/a><br \/>\n        <\/strong><\/p>\n<p>        Publi\u00e9 le<\/p>\n<p>            1 ao\u00fbt 2025 \u00e0 10h22        <\/p>\n<p>Nous arrivons au c\u0153ur de l\u2019\u00e9t\u00e9, et vous \u00eates \u00e0 <a href=\"https:\/\/actu.fr\/normandie\/rouen_76540\" target=\"_blank\" rel=\"noopener\">Rouen<\/a> en ce premier weekend d\u2019ao\u00fbt ? Pas de probl\u00e8me pour trouver de quoi s\u2019occuper, <strong>voici une s\u00e9lection d\u2019id\u00e9es de sorties et de loisirs<\/strong> \u00e0 d\u00e9couvrir seul, entre amis ou en famille, samedi 2 et dimanche 3 ao\u00fbt 2025.\u00a0<\/p>\n<p>Jouer \u00e0 un escape game dans les rues<\/p>\n<p class=\" wall-content\">Un\u00a0escape game, en plein air,\u00a0dans les rues rouennaises ?\u00a0C\u2019est possible, gr\u00e2ce \u00e0 <a href=\"https:\/\/actu.fr\/normandie\/rouen_76540\/a-rouen-un-escape-game-de-plein-air-mise-sur-l-intelligence-artificielle-pour-se-demarquer_62948122.html\" target=\"_blank\" rel=\"noopener\">Eskap<\/a>, <strong>une application mobile<\/strong> cr\u00e9\u00e9e en juin 2024 par Christophe Menager. Le jeu est d\u00e9sormais disponible dans pr\u00e8s de 40 villes en France, en Belgique et en Suisse, dont Rouen.<\/p>\n<p class=\" wall-content\">La mission intitul\u00e9e \u00ab La disparition \u00bb dure entre 1h30 et 2 heures, et arpente, sur 2 kilom\u00e8tres, le centre-ville, de la cath\u00e9drale au Gros Horloge. Nul besoin de r\u00e9server un cr\u00e9neau, <strong>le jeu se fait en autonomie<\/strong>.\u00a0<\/p>\n<p>D\u00e9nicher des tr\u00e9sors rue aux Ours<\/p>\n<p class=\" wall-content\">Vous aimez d\u00e9nicher des tr\u00e9sors dans les brocantes ?<strong> Il y a d\u00e9sormais une rue d\u00e9di\u00e9e \u00e0 cet univers \u00e0 Rouen<\/strong>, avec plusieurs boutiques sp\u00e9cialis\u00e9es : la rue aux Ours. Figurines, petites voitures, poup\u00e9es anciennes\u2026 <a href=\"https:\/\/actu.fr\/normandie\/rouen_76540\/decouvrez-des-pepites-et-tresors-de-la-rue-aux-ours-nouveau-quartier-des-brocanteurs-de-rouen_62948788.html\" target=\"_blank\" rel=\"noopener\">voici quelques p\u00e9pites<\/a> que l\u2019on trouve dans les diff\u00e9rentes boutiques de la rue.\u00a0<\/p>\n<p>Pratiquer des activit\u00e9s nautiques gratuites<\/p>\n<p class=\" wall-content\">Rive gauche, derri\u00e8re le si\u00e8ge de la M\u00e9tropole, il y a le tout nouveau<strong> parc-canal Camille-Claudel<\/strong>. Jusqu\u2019au 24 ao\u00fbt 2025, chaque dimanche, <a href=\"https:\/\/actu.fr\/normandie\/rouen_76540\/kayak-paddle-voile-a-rouen-des-activites-pour-profiter-du-nouveau-canal-de-la-seine-pendant-l-ete_62942861.html\" target=\"_blank\" rel=\"noopener\">des activit\u00e9s nautiques gratuites sont propos\u00e9es<\/a> :<strong> Kayak, paddle, voile\u2026<\/strong> Les activit\u00e9s et jeux sont encadr\u00e9s des \u00e9ducateurs sportifs qualifi\u00e9s.<\/p>\n<p>Profiter des derniers jours de Rouen sur mer<\/p>\n<p class=\" wall-content\">L\u2019\u00e9v\u00e9nement annuel <a href=\"https:\/\/actu.fr\/normandie\/rouen_76540\/le-retour-de-rouen-sur-mer-un-mois-d-animations-certaines-insolites-sur-une-plage-de-sable_62852391.html\" target=\"_blank\" rel=\"noopener\">Rouen sur mer<\/a> s\u2019ach\u00e8ve dimanche 3 ao\u00fbt. Dernier weekend donc pour profiter de la plage de sable, des activit\u00e9s sportives, ludiques et cr\u00e9atives, ainsi que des<strong> deux derni\u00e8res soir\u00e9es sp\u00e9ciales<\/strong> (soir\u00e9e dansante rock, west coast swing, salsa, chacha, valse le vendredi de 18h30 \u00e0 21h30 ; \u00a0soir\u00e9e danse salsa et bachata samedi de 19h \u00e0 22h).<\/p>\n<p>D\u00e9couvrir le travail artistique m\u00e9connu de David Lynch<\/p>\n<p class=\" wall-content\">R\u00e9alisateur majeur du cin\u00e9ma mondial de ses 50 derni\u00e8res,\u00a0d\u00e9c\u00e9d\u00e9 en janvier,<strong>\u00a0David Lynch\u00a0<\/strong>(Elephant Man,\u00a0Blue Velvet,\u00a0Twin Peak,\u00a0Mulholland Drive\u2026) \u00e9tait \u00e9galement un artiste plasticien accompli. L\u2019artiste am\u00e9ricain a ainsi montr\u00e9 sa cr\u00e9ativit\u00e9 \u00e0 travers la <strong>lithographie<\/strong>.<\/p>\n<p class=\" wall-content\">En Seine-Maritime, <a href=\"https:\/\/actu.fr\/normandie\/yvetot_76758\/bientot-une-exposition-elaboree-entre-los-angeles-et-yvetot-sur-le-travail-artistique-meconnu-de-david-lynch_62800607.html\" target=\"_blank\" rel=\"noopener\">une exposition \u00e9v\u00e9nement \u00e0 la Galerie Duchamp<\/a> (<a href=\"https:\/\/galerie-duchamp.org\/\" target=\"_blank\" rel=\"noopener\">Centre d\u2019art contemporain d\u2019int\u00e9r\u00eat national<\/a>)<strong> d\u2019Yvetot<\/strong> pr\u00e9sente actuellement une s\u00e9rie de ses \u0153uvres, des lithographies <strong>qui font \u00e9cho \u00e0 son travail cin\u00e9matographique<\/strong> et son univers si particulier. L\u2019entr\u00e9e est gratuite.\u00a0<\/p>\n<p>Suivez l\u2019actualit\u00e9 de Rouen sur notre <a href=\"https:\/\/www.whatsapp.com\/channel\/0029VaKfnf99hXF2ddApFB1D\" target=\"_blank\" rel=\"noopener\">cha\u00eene WhatsApp<\/a> et sur notre <a href=\"https:\/\/www.tiktok.com\/@76actu.fr?lang=fr\" target=\"_blank\" rel=\"noopener\">compte TikTok<\/a><\/p>\n<p class=\" wall-content\">Suivez toute l\u2019actualit\u00e9 de vos villes et m\u00e9dias favoris en vous inscrivant \u00e0 <a href=\"https:\/\/moncompte.actu.fr\" title=\"D\u00e9couvez Mon Actu\" rel=\"nofollow noopener\" data-trk=\"{&quot;cta&quot;:{&quot;action&quot;:&quot;https:\\\/\\\/moncompte.actu.fr&quot;,&quot;category&quot;:&quot;mon compte&quot;,&quot;from&quot;:&quot;article footer&quot;,&quot;name&quot;:&quot;Mon actu&quot;,&quot;type&quot;:&quot;cta&quot;}}\" target=\"_blank\">Mon Actu<\/a>.<\/p>\n<p>                    <script async src=\"\/\/www.tiktok.com\/embed.js\"><\/script><\/p>\n","protected":false},"excerpt":{"rendered":"Par Fabien Massin Publi\u00e9 le 1 ao\u00fbt 2025 \u00e0 10h22 Nous arrivons au c\u0153ur de l\u2019\u00e9t\u00e9, et vous&hellip;\n","protected":false},"author":2,"featured_media":288601,"comment_status":"","ping_status":"","sticky":false,"template":"","format":"standard","meta":{"footnotes":""},"categories":[9587],"tags":[1111,11,6961,650,1777,674,1011,27,5353,1652,12,5161,25,9590],"class_list":{"0":"post-288600","1":"post","2":"type-post","3":"status-publish","4":"format-standard","5":"has-post-thumbnail","7":"category-rouen","8":"tag-actu","9":"tag-actualites","10":"tag-brocante","11":"tag-cinema","12":"tag-eu","13":"tag-europe","14":"tag-fr","15":"tag-france","16":"tag-la-seine","17":"tag-loisirs-culture","18":"tag-news","19":"tag-normandie","20":"tag-republique-francaise","21":"tag-rouen"},"share_on_mastodon":{"url":"https:\/\/pubeurope.com\/@fr\/114952580836393969","error":""},"_links":{"self":[{"href":"https:\/\/www.europesays.com\/fr\/wp-json\/wp\/v2\/posts\/288600","targetHints":{"allow":["GET"]}}],"collection":[{"href":"https:\/\/www.europesays.com\/fr\/wp-json\/wp\/v2\/posts"}],"about":[{"href":"https:\/\/www.europesays.com\/fr\/wp-json\/wp\/v2\/types\/post"}],"author":[{"embeddable":true,"href":"https:\/\/www.europesays.com\/fr\/wp-json\/wp\/v2\/users\/2"}],"replies":[{"embeddable":true,"href":"https:\/\/www.europesays.com\/fr\/wp-json\/wp\/v2\/comments?post=288600"}],"version-history":[{"count":0,"href":"https:\/\/www.europesays.com\/fr\/wp-json\/wp\/v2\/posts\/288600\/revisions"}],"wp:featuredmedia":[{"embeddable":true,"href":"https:\/\/www.europesays.com\/fr\/wp-json\/wp\/v2\/media\/288601"}],"wp:attachment":[{"href":"https:\/\/www.europesays.com\/fr\/wp-json\/wp\/v2\/media?parent=288600"}],"wp:term":[{"taxonomy":"category","embeddable":true,"href":"https:\/\/www.europesays.com\/fr\/wp-json\/wp\/v2\/categories?post=288600"},{"taxonomy":"post_tag","embeddable":true,"href":"https:\/\/www.europesays.com\/fr\/wp-json\/wp\/v2\/tags?post=288600"}],"curies":[{"name":"wp","href":"https:\/\/api.w.org\/{rel}","templated":true}]}}