{"id":288602,"date":"2025-08-01T08:32:13","date_gmt":"2025-08-01T08:32:13","guid":{"rendered":"https:\/\/www.europesays.com\/fr\/288602\/"},"modified":"2025-08-01T08:32:13","modified_gmt":"2025-08-01T08:32:13","slug":"coupe-de-france-de-n1-le-vc-rouen-76-exact-au-rendez-vous-lors-du-trophee-souvenir-roger-walkowiak","status":"publish","type":"post","link":"https:\/\/www.europesays.com\/fr\/288602\/","title":{"rendered":"Coupe de France de N1 &#8211; Le VC Rouen 76 exact au rendez-vous lors du Troph\u00e9e\u00a0Souvenir Roger Walkowiak"},"content":{"rendered":"<p>            <img width=\"1200\" height=\"662\" src=\"https:\/\/www.europesays.com\/fr\/wp-content\/uploads\/2025\/08\/coupe-de-france-walko.jpg\" class=\"attachment-full size-full wp-post-image\" alt=\"\" decoding=\"async\" loading=\"lazy\"  \/>        <\/p>\n<p>Pour cette quatri\u00e8me manche de la Coupe de France de N1, l\u2019\u00e9quipe rouennaise \u00e9tait compos\u00e9e de Guillaume Adam, du vice-\u00a0champion de France L\u00e9andre Huck, Cl\u00e9ment Petit, Esteban\u00a0Foucher, Louka Lesueur et Ilan Larmet. C\u2019est tout simplement la meilleure \u00e9quipe possible que le coach\u00a0rouennais, Jean-Philippe Yon, \u00e9tait\u00a0en mesure de mettre sur pied en fonction du profil de la course auvergnate. <strong>\u00ab\u00a0Les gars ont fait la course quasi parfaite. Ils ont \u00e9t\u00e9 hyper disciplin\u00e9s, tr\u00e8s forts collectivement, tr\u00e8s bons physiquement. On n\u2019a pas gagn\u00e9 la course, c\u2019est vrai. Mais collectivement, on a domin\u00e9. Franchement, je suis tr\u00e8s fier d\u2019eux. Si on ne fait pas un stage de quatre jours \u00e0 La Bourboule\u00a0(Puy-de-D\u00f4me) le week-end pr\u00e9c\u00e9dent, je ne pense\u00a0pas qu\u2019on r\u00e9ussisse \u00e0 marquer autant de points. C\u2019est parce qu\u2019on est all\u00e9 monter ces bosses que Guillaume Adam et Cl\u00e9ment Petit finissent plac\u00e9s\u00a0\u00bb<\/strong> . Avec trois hommes dans les douze premiers, Louka Lesueur (5e), Guillaume Adam (8e) et Cl\u00e9ment Petit (12e), les Rouennais ont cette fois pris leurs distances avec le SCO Dijon,\u00a0leur rival direct,\u00a0passant de 4 \u00e0 84 points d\u2019avance.<\/p>\n<p class=\"has-text-align-center\"><strong>LOUKA LESUEUR CINQUIEME<\/strong><\/p>\n<p>Louka Lesueur a confirm\u00e9 sa bonne forme actuelle et une belle r\u00e9gularit\u00e9 affich\u00e9e depuis sa reprise fin juin. D\u00e9j\u00e0 pr\u00e9sent au sein d\u2019une premi\u00e8re s\u00e9lection de 25 coureurs tout comme ses co\u00e9quipiers\u00a0L\u00e9andre Huck (ce dernier s\u2019est sacrifi\u00e9 pour ses deux co\u00e9quipiers) et Guillaume Adam qui s\u2019\u00e9tablissait lors du col des Gardes , l\u2019ancien champion de France cadets et juniors de cyclo-cross faisait parti des douze coureurs de t\u00eate sur le circuit final\u00a0\u00e0 Cusset. <strong>\u00ab\u00a0Je discutais \u00e0 l\u2019arri\u00e8re sur la conduite \u00e0 tenir avec Jean-Philippe Yon\u00a0 lorsque l\u2019Irlandais Jamie Meehan (AVC Aix D\u00f4le Provence), le futur vainqueur a attaqu\u00e9\u00a0\u00bb<\/strong> regrettait Louka Lesueur. Puis il se retrouvait dans le contre avec Loulergue\u00a0(Bourg-en-Bresse), Vidal (CC Etupes) et Millet ( Mayenne-Monbana). Puis il tentait sa chance aux 1500 m\u00e8tres. En vain. Au bout de ses efforts, il prenait la cinqui\u00e8me place.\u00a0<\/p>\n<p>Texte Patrice Meunier\u00a0<\/p>\n<p>Photo Freddy Gu\u00e9rin\/ Direct Velo<\/p>\n","protected":false},"excerpt":{"rendered":"Pour cette quatri\u00e8me manche de la Coupe de France de N1, l\u2019\u00e9quipe rouennaise \u00e9tait compos\u00e9e de Guillaume Adam,&hellip;\n","protected":false},"author":2,"featured_media":288603,"comment_status":"","ping_status":"","sticky":false,"template":"","format":"standard","meta":{"footnotes":""},"categories":[9587],"tags":[1111,11,1777,674,1011,27,12,5161,25,9590],"class_list":{"0":"post-288602","1":"post","2":"type-post","3":"status-publish","4":"format-standard","5":"has-post-thumbnail","7":"category-rouen","8":"tag-actu","9":"tag-actualites","10":"tag-eu","11":"tag-europe","12":"tag-fr","13":"tag-france","14":"tag-news","15":"tag-normandie","16":"tag-republique-francaise","17":"tag-rouen"},"share_on_mastodon":{"url":"https:\/\/pubeurope.com\/@fr\/114952584803442110","error":""},"_links":{"self":[{"href":"https:\/\/www.europesays.com\/fr\/wp-json\/wp\/v2\/posts\/288602","targetHints":{"allow":["GET"]}}],"collection":[{"href":"https:\/\/www.europesays.com\/fr\/wp-json\/wp\/v2\/posts"}],"about":[{"href":"https:\/\/www.europesays.com\/fr\/wp-json\/wp\/v2\/types\/post"}],"author":[{"embeddable":true,"href":"https:\/\/www.europesays.com\/fr\/wp-json\/wp\/v2\/users\/2"}],"replies":[{"embeddable":true,"href":"https:\/\/www.europesays.com\/fr\/wp-json\/wp\/v2\/comments?post=288602"}],"version-history":[{"count":0,"href":"https:\/\/www.europesays.com\/fr\/wp-json\/wp\/v2\/posts\/288602\/revisions"}],"wp:featuredmedia":[{"embeddable":true,"href":"https:\/\/www.europesays.com\/fr\/wp-json\/wp\/v2\/media\/288603"}],"wp:attachment":[{"href":"https:\/\/www.europesays.com\/fr\/wp-json\/wp\/v2\/media?parent=288602"}],"wp:term":[{"taxonomy":"category","embeddable":true,"href":"https:\/\/www.europesays.com\/fr\/wp-json\/wp\/v2\/categories?post=288602"},{"taxonomy":"post_tag","embeddable":true,"href":"https:\/\/www.europesays.com\/fr\/wp-json\/wp\/v2\/tags?post=288602"}],"curies":[{"name":"wp","href":"https:\/\/api.w.org\/{rel}","templated":true}]}}