{"id":288608,"date":"2025-08-01T08:38:14","date_gmt":"2025-08-01T08:38:14","guid":{"rendered":"https:\/\/www.europesays.com\/fr\/288608\/"},"modified":"2025-08-01T08:38:14","modified_gmt":"2025-08-01T08:38:14","slug":"la-circulation-des-bus-et-trams-perturbee-samedi-a-strasbourg-voici-les-lignes-concernees","status":"publish","type":"post","link":"https:\/\/www.europesays.com\/fr\/288608\/","title":{"rendered":"la circulation des bus et trams perturb\u00e9e samedi \u00e0 Strasbourg, voici les lignes concern\u00e9es"},"content":{"rendered":"<p>            Par<br \/>\n        <strong><br \/>\n            <a href=\"https:\/\/actu.fr\/auteur\/redaction-strasbourg\" title=\"Consulter tous les articles de R\u00e9daction Strasbourg\" target=\"_blank\" rel=\"noopener\">R\u00e9daction Strasbourg<\/a><br \/>\n        <\/strong><\/p>\n<p>        Publi\u00e9 le<\/p>\n<p>            1 ao\u00fbt 2025 \u00e0 9h50        <\/p>\n<p>Une journ\u00e9e de <a href=\"https:\/\/actu.fr\/tag\/greve\" target=\"_blank\" rel=\"noopener\">gr\u00e8ve<\/a> men\u00e9e par des employ\u00e9s de la <a href=\"https:\/\/actu.fr\/tag\/compagnie-des-transports-strasbourgeois-cts\" target=\"_blank\" rel=\"noopener\">CTS<\/a> va entra\u00eener des<strong> perturbations sur le r\u00e9seau de bus et de trams<\/strong> samedi 2\u00a0ao\u00fbt 2025 \u00e0 <a href=\"https:\/\/actu.fr\/strasbourg\/\" target=\"_blank\" rel=\"noopener\">Strasbourg<\/a>.<\/p>\n<p class=\" wall-content\">Voici les pr\u00e9visions de trafic en d\u00e9tail.<\/p>\n<p>Les horaires et les fr\u00e9quences de passage des trams seront modifi\u00e9s<\/p>\n<p class=\" wall-content\">Selon la CTS, les lignes de tram <strong>A, C, D et E<\/strong> circuleront normalement ce samedi. Attention tout de m\u00eame \u00e0 prendre en compte<a href=\"https:\/\/actu.fr\/grand-est\/strasbourg_67482\/strasbourg-les-lignes-c-et-d-fortement-perturbees-a-partir-de-lundi-on-fait-le-point_62957449.html\" target=\"_blank\" rel=\"noopener\"> les travaux d\u2019\u00e9t\u00e9 en cours sur la ligne C et D qui<\/a> impactent la circulation.<\/p>\n<p class=\" wall-content\">Sur les autres lignes, les horaires et les fr\u00e9quences seront modifi\u00e9s\u2009:<\/p>\n<ul class=\" wall-content\">\n<li>Le <strong>tram B<\/strong> circulera toutes <strong>les 14 \u00e0 16\u00a0minutes<\/strong> environ<\/li>\n<li>Le <strong>tram F<\/strong> circulera toutes <strong>les 20 \u00e0 30\u00a0minutes<\/strong> environ.<\/li>\n<\/ul>\n<p>Le service de bus assur\u00e9 uniquement de 6\u2009h \u00e0 20\u2009h<\/p>\n<p class=\" wall-content\">Les lignes de\u00a0<strong>bus\u00a012, 18, 22, 31, 41, 45, 57, 60, 62, 63, 67, 72, 74<\/strong> et <strong>75\u00a0<\/strong>circuleront <strong>normalement<\/strong>.<\/p>\n<p class=\" wall-content\">En revanche, le service de nombreuses lignes de bus sera perturb\u00e9 et ne sera <strong>assur\u00e9 que de 6\u2009h \u00e0 20\u2009h<\/strong>\u2009:<\/p>\n<ul class=\" wall-content\">\n<li>La ligne de <strong>bus G<\/strong> circulera toutes les <strong>10 \u00e0 14\u00a0minutes<\/strong> environ.<\/li>\n<li>La ligne de<strong> bus H<\/strong> circulera toutes les <strong>16 \u00e0 25\u00a0minutes<\/strong> environ.<\/li>\n<li>La ligne de<strong> bus C1<\/strong> circulera toutes les<strong> 15 \u00e0 18\u00a0minutes<\/strong> environ.<\/li>\n<li>La ligne de <strong>bus C3<\/strong> circulera toutes les<strong> 12 \u00e0 15\u00a0minutes<\/strong> environ.<\/li>\n<li>La ligne de<strong> bus C6<\/strong> circulera toutes les <strong>12 \u00e0 15\u00a0minutes<\/strong> environ.<\/li>\n<li>La ligne de <strong>bus C7<\/strong> circulera toutes les<strong> 18 \u00e0 24\u00a0minutes<\/strong> environ entre Baggersee et Neuhof Lucie Aubrac. Desserte d\u2019Eurofret toutes les 36 \u00e0 48 min environ.<\/li>\n<li>La ligne de<strong>\u00a0bus C8\u00a0<\/strong>circulera toutes les<strong>\u00a015 \u00e0 23\u00a0minutes<\/strong> environ.<\/li>\n<li>La ligne de<strong> bus C9<\/strong> circulera toutes les<strong> 12 \u00e0 15\u00a0minutes<\/strong> environ entre<\/li>\n<li>Les Halles et Fort Desaix. Desserte de Hoenheim Gare et de Vendenheim Gare toutes les<strong> 24 \u00e0 30<\/strong> min environ.<\/li>\n<li>La ligne de <strong>bus 2<\/strong> circulera toutes les <strong>15 \u00e0 25\u00a0minutes<\/strong> environ.<\/li>\n<li>La ligne de\u00a0<strong>bus 4\/4a\u00a0<\/strong>circulera toutes les<strong> 15 \u00e0 20\u00a0minutes<\/strong> environ entre Comtes et Virgile\/Bosco. Desserte de Wolfisheim Stade et Poteries toutes les <strong>30 \u00e0 40\u00a0minutes<\/strong> environ.<\/li>\n<li>La ligne de<strong> bus 13<\/strong> circulera <strong>toutes les 32\u00a0minutes<\/strong> environ.<\/li>\n<li>Les lignes de <strong>bus 17\/19<\/strong> circuleront<strong> toutes les 25\u00a0minutes<\/strong> environ.<\/li>\n<li>La ligne de<strong> bus 30<\/strong> circulera<strong> toutes les 35\u00a0minutes environ<\/strong> (entre Amp\u00e8re et Robertsau Chasseurs)<\/li>\n<li>La ligne de<strong> bus 40<\/strong> circulera <strong>toutes les 50\u00a0minutes<\/strong> environ uniquement sur le tron\u00e7on Neuhof Ganzau \/ Lyc\u00e9e Couffignal.<\/li>\n<li>La ligne de\u00a0<strong>bus 50\u00a0<\/strong>circulera toutes les <strong>35 minutes environ<\/strong>.<\/li>\n<li>La ligne de<strong> bus 70<\/strong> circulera toutes les <strong>30\u00a0minutes environ<\/strong>.<\/li>\n<\/ul>\n<p class=\" wall-content\">Enfin, les lignes de<strong> bus 10, 15 et 29 ne circuleront pas<\/strong> du tout samedi 2\u00a0ao\u00fbt.<\/p>\n<p class=\" wall-content\">\u00ab\u2009Ces donn\u00e9es de trafic sont th\u00e9oriques. Le trafic peut \u00eatre modifi\u00e9 en temps r\u00e9el en raison d\u2019al\u00e9as non pr\u00e9vus\u2009\u00bb, pr\u00e9vient la CTS qui invite les usagers \u00e0 suivre les r\u00e9seaux sociaux du service.<\/p>\n<p class=\" wall-content\">Suivez toute l\u2019actualit\u00e9 de vos villes et m\u00e9dias favoris en vous inscrivant \u00e0 <a href=\"https:\/\/moncompte.actu.fr\" title=\"D\u00e9couvez Mon Actu\" rel=\"nofollow noopener\" data-trk=\"{&quot;cta&quot;:{&quot;action&quot;:&quot;https:\\\/\\\/moncompte.actu.fr&quot;,&quot;category&quot;:&quot;mon compte&quot;,&quot;from&quot;:&quot;article footer&quot;,&quot;name&quot;:&quot;Mon actu&quot;,&quot;type&quot;:&quot;cta&quot;}}\" target=\"_blank\">Mon Actu<\/a>.<\/p>\n<ul class=\"ac-article-tag wall-content\">\n<li><a href=\"https:\/\/actu.fr\/tag\/compagnie-des-transports-strasbourgeois-cts\" data-trk=\"{&quot;cta&quot;:{&quot;action&quot;:&quot;Compagnie des transports strasbourgeois (CTS)&quot;,&quot;category&quot;:&quot;tag&quot;,&quot;from&quot;:&quot;article footer&quot;,&quot;name&quot;:&quot;Compagnie des transports strasbourgeois (CTS)&quot;,&quot;type&quot;:&quot;cta&quot;}}\" target=\"_blank\" rel=\"noopener\">#Compagnie des transports strasbourgeois (CTS)<\/a><\/li>\n<li><a href=\"https:\/\/actu.fr\/tag\/greve\" data-trk=\"{&quot;cta&quot;:{&quot;action&quot;:&quot;Gr\\u00e8ve&quot;,&quot;category&quot;:&quot;tag&quot;,&quot;from&quot;:&quot;article footer&quot;,&quot;name&quot;:&quot;Gr\\u00e8ve&quot;,&quot;type&quot;:&quot;cta&quot;}}\" target=\"_blank\" rel=\"noopener\">#Gr\u00e8ve<\/a><\/li>\n<\/ul>\n","protected":false},"excerpt":{"rendered":"Par R\u00e9daction Strasbourg Publi\u00e9 le 1 ao\u00fbt 2025 \u00e0 9h50 Une journ\u00e9e de gr\u00e8ve men\u00e9e par des employ\u00e9s&hellip;\n","protected":false},"author":2,"featured_media":133556,"comment_status":"","ping_status":"","sticky":false,"template":"","format":"standard","meta":{"footnotes":""},"categories":[2820],"tags":[1111,11,7344,1777,674,1011,27,775,6151,12,25,104,640],"class_list":{"0":"post-288608","1":"post","2":"type-post","3":"status-publish","4":"format-standard","5":"has-post-thumbnail","7":"category-strasbourg","8":"tag-actu","9":"tag-actualites","10":"tag-compagnie-des-transports-strasbourgeois-cts","11":"tag-eu","12":"tag-europe","13":"tag-fr","14":"tag-france","15":"tag-grand-est","16":"tag-greve","17":"tag-news","18":"tag-republique-francaise","19":"tag-societe","20":"tag-strasbourg"},"share_on_mastodon":{"url":"https:\/\/pubeurope.com\/@fr\/114952608391933926","error":""},"_links":{"self":[{"href":"https:\/\/www.europesays.com\/fr\/wp-json\/wp\/v2\/posts\/288608","targetHints":{"allow":["GET"]}}],"collection":[{"href":"https:\/\/www.europesays.com\/fr\/wp-json\/wp\/v2\/posts"}],"about":[{"href":"https:\/\/www.europesays.com\/fr\/wp-json\/wp\/v2\/types\/post"}],"author":[{"embeddable":true,"href":"https:\/\/www.europesays.com\/fr\/wp-json\/wp\/v2\/users\/2"}],"replies":[{"embeddable":true,"href":"https:\/\/www.europesays.com\/fr\/wp-json\/wp\/v2\/comments?post=288608"}],"version-history":[{"count":0,"href":"https:\/\/www.europesays.com\/fr\/wp-json\/wp\/v2\/posts\/288608\/revisions"}],"wp:featuredmedia":[{"embeddable":true,"href":"https:\/\/www.europesays.com\/fr\/wp-json\/wp\/v2\/media\/133556"}],"wp:attachment":[{"href":"https:\/\/www.europesays.com\/fr\/wp-json\/wp\/v2\/media?parent=288608"}],"wp:term":[{"taxonomy":"category","embeddable":true,"href":"https:\/\/www.europesays.com\/fr\/wp-json\/wp\/v2\/categories?post=288608"},{"taxonomy":"post_tag","embeddable":true,"href":"https:\/\/www.europesays.com\/fr\/wp-json\/wp\/v2\/tags?post=288608"}],"curies":[{"name":"wp","href":"https:\/\/api.w.org\/{rel}","templated":true}]}}