{"id":288613,"date":"2025-08-01T08:41:09","date_gmt":"2025-08-01T08:41:09","guid":{"rendered":"https:\/\/www.europesays.com\/fr\/288613\/"},"modified":"2025-08-01T08:41:09","modified_gmt":"2025-08-01T08:41:09","slug":"les-previsions-de-meteo-france-3","status":"publish","type":"post","link":"https:\/\/www.europesays.com\/fr\/288613\/","title":{"rendered":"les pr\u00e9visions de M\u00e9t\u00e9o France"},"content":{"rendered":"<p>            Par<br \/>\n        <strong><br \/>\n            <a href=\"https:\/\/actu.fr\/auteur\/laure-gentil\" title=\"Consulter tous les articles de Laure Gentil\" rel=\"nofollow noopener\" target=\"_blank\">Laure Gentil<\/a><br \/>\n        <\/strong><\/p>\n<p>        Publi\u00e9 le<\/p>\n<p>            1 ao\u00fbt 2025 \u00e0 9h34        <\/p>\n<p>Si le soleil a recommenc\u00e9 \u00e0 pointer le bout de son nez durant la semaine, les <strong>temp\u00e9ratures<\/strong> restaient assez douces pour l\u2019\u00e9t\u00e9 \u00e0 <a href=\"https:\/\/actu.fr\/nantes\" rel=\"nofollow noopener\" target=\"_blank\">Nantes<\/a>.<\/p>\n<p class=\" wall-content\">Les<strong> pr\u00e9visions de M\u00e9t\u00e9o France<\/strong> pour ces <strong>samedi\u00a01er et dimanche 2\u00a0ao\u00fbt<\/strong> 2025 semblent toutefois indiquer un changement de tendance, avec un thermom\u00e8tre qui va se mettre \u00e0 grimper notamment dimanche. Voici les<strong> pr\u00e9visions du week-end.<\/strong><\/p>\n<p>Adieu aux nuages<\/p>\n<p class=\" wall-content\">Les nuages ont \u00e9t\u00e9 tr\u00e8s pr\u00e9sents cette semaine \u00e0 Nantes, heureusement ils devraient se dissiper ce week-end. C\u2019est un ciel \u00ab\u2009voil\u00e9\u2009\u00bb qui est annonc\u00e9 par <a href=\"https:\/\/meteofrance.com\/previsions-meteo-france\/nantes\/44000\" rel=\"nofollow noopener\" target=\"_blank\">M\u00e9t\u00e9o France<\/a> ce samedi matin, mais des \u00e9claircies sont attendues dans l\u2019apr\u00e8s-midi, et les nuages dispara\u00eetront m\u00eame compl\u00e8tement dans la soir\u00e9e pour laisser un \u00ab\u2009ciel clair\u2009\u00bb. Selon les pr\u00e9visions, il devrait faire tr\u00e8s bon d\u00e8s le matin avec 19\u00a0\u00b0C et entre 23 et 25\u00a0\u00b0C dans l\u2019apr\u00e8s-midi.<\/p>\n<p class=\" wall-content\">C\u2019est la journ\u00e9e de dimanche qui devrait marquer un v\u00e9ritable tournant. Si le ciel sera \u00ab\u2009voil\u00e9\u2009\u00bb toute la journ\u00e9e, le mercure va augmenter avec une maximale de <strong>26\u00a0\u00b0C dans l\u2019apr\u00e8s-midi<\/strong>. Les temp\u00e9ratures continueront leur mont\u00e9e la semaine prochaine.<\/p>\n<p class=\" wall-content\">Du c\u00f4t\u00e9 de <a href=\"https:\/\/www.meteo-villes.com\/actualites\/possible-vague-de-chaleur-des-la-semaine-prochaine\" rel=\"nofollow noopener\" target=\"_blank\">m\u00e9t\u00e9o-nantes.net<\/a> aussi, les pr\u00e9visions indiquent une augmentation de la chaleur d\u00e9but ao\u00fbt. De l\u2019air chaud en provenance <strong>d\u2019Espagne<\/strong> serait responsable de ces temp\u00e9ratures\u2009: \u00ab\u2009Selon certains sc\u00e9narios, la dorsale anticyclonique s\u2019\u00e9tendrait au-dessus de la France et de l\u2019Europe Centrale en d\u00e9but de semaine prochaine. Cela permettait \u00e0 l\u2019air tr\u00e8s chaud pr\u00e9sent sur l\u2019Espagne de remonter vers notre pays.\u2009\u00bb<\/p>\n<p class=\" wall-content\">Suivez toute l\u2019actualit\u00e9 de vos villes et m\u00e9dias favoris en vous inscrivant \u00e0 <a href=\"https:\/\/moncompte.actu.fr\" title=\"D\u00e9couvez Mon Actu\" rel=\"nofollow noopener\" data-trk=\"{&quot;cta&quot;:{&quot;action&quot;:&quot;https:\\\/\\\/moncompte.actu.fr&quot;,&quot;category&quot;:&quot;mon compte&quot;,&quot;from&quot;:&quot;article footer&quot;,&quot;name&quot;:&quot;Mon actu&quot;,&quot;type&quot;:&quot;cta&quot;}}\" target=\"_blank\">Mon Actu<\/a>.<\/p>\n","protected":false},"excerpt":{"rendered":"Par Laure Gentil Publi\u00e9 le 1 ao\u00fbt 2025 \u00e0 9h34 Si le soleil a recommenc\u00e9 \u00e0 pointer le&hellip;\n","protected":false},"author":2,"featured_media":288614,"comment_status":"","ping_status":"","sticky":false,"template":"","format":"standard","meta":{"footnotes":""},"categories":[2818],"tags":[1111,11,1777,674,1011,27,2487,2357,766,12,2636,25],"class_list":{"0":"post-288613","1":"post","2":"type-post","3":"status-publish","4":"format-standard","5":"has-post-thumbnail","7":"category-nantes","8":"tag-actu","9":"tag-actualites","10":"tag-eu","11":"tag-europe","12":"tag-fr","13":"tag-france","14":"tag-meteo","15":"tag-meteo-france","16":"tag-nantes","17":"tag-news","18":"tag-pays-de-la-loire","19":"tag-republique-francaise"},"share_on_mastodon":{"url":"https:\/\/pubeurope.com\/@fr\/114952620179882141","error":""},"_links":{"self":[{"href":"https:\/\/www.europesays.com\/fr\/wp-json\/wp\/v2\/posts\/288613","targetHints":{"allow":["GET"]}}],"collection":[{"href":"https:\/\/www.europesays.com\/fr\/wp-json\/wp\/v2\/posts"}],"about":[{"href":"https:\/\/www.europesays.com\/fr\/wp-json\/wp\/v2\/types\/post"}],"author":[{"embeddable":true,"href":"https:\/\/www.europesays.com\/fr\/wp-json\/wp\/v2\/users\/2"}],"replies":[{"embeddable":true,"href":"https:\/\/www.europesays.com\/fr\/wp-json\/wp\/v2\/comments?post=288613"}],"version-history":[{"count":0,"href":"https:\/\/www.europesays.com\/fr\/wp-json\/wp\/v2\/posts\/288613\/revisions"}],"wp:featuredmedia":[{"embeddable":true,"href":"https:\/\/www.europesays.com\/fr\/wp-json\/wp\/v2\/media\/288614"}],"wp:attachment":[{"href":"https:\/\/www.europesays.com\/fr\/wp-json\/wp\/v2\/media?parent=288613"}],"wp:term":[{"taxonomy":"category","embeddable":true,"href":"https:\/\/www.europesays.com\/fr\/wp-json\/wp\/v2\/categories?post=288613"},{"taxonomy":"post_tag","embeddable":true,"href":"https:\/\/www.europesays.com\/fr\/wp-json\/wp\/v2\/tags?post=288613"}],"curies":[{"name":"wp","href":"https:\/\/api.w.org\/{rel}","templated":true}]}}