{"id":288626,"date":"2025-08-01T08:49:11","date_gmt":"2025-08-01T08:49:11","guid":{"rendered":"https:\/\/www.europesays.com\/fr\/288626\/"},"modified":"2025-08-01T08:49:11","modified_gmt":"2025-08-01T08:49:11","slug":"on-veut-que-les-gens-fassent-sortir-la-cagole-qui-est-en-eux","status":"publish","type":"post","link":"https:\/\/www.europesays.com\/fr\/288626\/","title":{"rendered":"On veut que les gens fassent sortir la cagole qui est en eux\u00a0!"},"content":{"rendered":"<p>Se r\u00e9approprier un stigmate. C\u2019est ce qui guide celles qui, comme Lisa Baillard, ont \u00e9t\u00e9 trait\u00e9es de \u00ab\u00a0cagole\u00a0\u00bb. Aujourd\u2019hui, elles revendiquent haut et fort cette part d\u2019elles-m\u00eames. Depuis\u00a02021, la Marseillaise met \u00e0 l\u2019honneur <a href=\"https:\/\/www.laprovence.com\/article\/region\/34129179235440\/video-comment-moi-journaliste-a-la-provence-j-ai-fini-1re-dauphine-de-miss-cagole\" target=\"_blank\" rel=\"noopener\">les cagoles de sa ville<\/a>, en montant, tout au long de l\u2019ann\u00e9e, les Cagole Nomade Parties.<\/p>\n<p>Avant la tenue, ce vendredi 1er\u00a0ao\u00fbt au th\u00e9\u00e2tre Silvain, du Cagole Paradise Festival, elle distribuait des tracts dans toute la ville, accompagn\u00e9e par Jeannette, \u00ab\u00a0[son] bras droit\u00a0\u00bb, Clara, graphiste, et Christophe, un habitu\u00e9 des soir\u00e9es.<\/p>\n","protected":false},"excerpt":{"rendered":"Se r\u00e9approprier un stigmate. C\u2019est ce qui guide celles qui, comme Lisa Baillard, ont \u00e9t\u00e9 trait\u00e9es de \u00ab\u00a0cagole\u00a0\u00bb.&hellip;\n","protected":false},"author":2,"featured_media":288627,"comment_status":"","ping_status":"","sticky":false,"template":"","format":"standard","meta":{"footnotes":""},"categories":[2814],"tags":[17,1111,11,251,1777,674,42769,1011,27,7397,151,884,12,5241,882,746,25,4251,9870],"class_list":{"0":"post-288626","1":"post","2":"type-post","3":"status-publish","4":"format-standard","5":"has-post-thumbnail","7":"category-marseille","8":"tag-17","9":"tag-actu","10":"tag-actualites","11":"tag-culture","12":"tag-eu","13":"tag-europe","14":"tag-fassent","15":"tag-fr","16":"tag-france","17":"tag-gens","18":"tag-les","19":"tag-marseille","20":"tag-news","21":"tag-on","22":"tag-provence-alpes-cote-dazur","23":"tag-que","24":"tag-republique-francaise","25":"tag-sortir","26":"tag-veut"},"share_on_mastodon":{"url":"https:\/\/pubeurope.com\/@fr\/114952651630913296","error":""},"_links":{"self":[{"href":"https:\/\/www.europesays.com\/fr\/wp-json\/wp\/v2\/posts\/288626","targetHints":{"allow":["GET"]}}],"collection":[{"href":"https:\/\/www.europesays.com\/fr\/wp-json\/wp\/v2\/posts"}],"about":[{"href":"https:\/\/www.europesays.com\/fr\/wp-json\/wp\/v2\/types\/post"}],"author":[{"embeddable":true,"href":"https:\/\/www.europesays.com\/fr\/wp-json\/wp\/v2\/users\/2"}],"replies":[{"embeddable":true,"href":"https:\/\/www.europesays.com\/fr\/wp-json\/wp\/v2\/comments?post=288626"}],"version-history":[{"count":0,"href":"https:\/\/www.europesays.com\/fr\/wp-json\/wp\/v2\/posts\/288626\/revisions"}],"wp:featuredmedia":[{"embeddable":true,"href":"https:\/\/www.europesays.com\/fr\/wp-json\/wp\/v2\/media\/288627"}],"wp:attachment":[{"href":"https:\/\/www.europesays.com\/fr\/wp-json\/wp\/v2\/media?parent=288626"}],"wp:term":[{"taxonomy":"category","embeddable":true,"href":"https:\/\/www.europesays.com\/fr\/wp-json\/wp\/v2\/categories?post=288626"},{"taxonomy":"post_tag","embeddable":true,"href":"https:\/\/www.europesays.com\/fr\/wp-json\/wp\/v2\/tags?post=288626"}],"curies":[{"name":"wp","href":"https:\/\/api.w.org\/{rel}","templated":true}]}}