{"id":288630,"date":"2025-08-01T08:51:09","date_gmt":"2025-08-01T08:51:09","guid":{"rendered":"https:\/\/www.europesays.com\/fr\/288630\/"},"modified":"2025-08-01T08:51:09","modified_gmt":"2025-08-01T08:51:09","slug":"une-nuit-sous-tension-pour-la-police","status":"publish","type":"post","link":"https:\/\/www.europesays.com\/fr\/288630\/","title":{"rendered":"une nuit sous tension pour la police"},"content":{"rendered":"<p>            Par<br \/>\n        <strong><br \/>\n            <a href=\"https:\/\/actu.fr\/auteur\/julien-damboise\" title=\"Consulter tous les articles de Julien Damboise\" rel=\"nofollow noopener\" target=\"_blank\">Julien Damboise<\/a><br \/>\n        <\/strong><\/p>\n<p>        Publi\u00e9 le<\/p>\n<p>            1 ao\u00fbt 2025 \u00e0 10h23        <\/p>\n<p>Les <a href=\"https:\/\/actu.fr\/tag\/refus-d-obtemperer\" rel=\"nofollow noopener\" target=\"_blank\">refus d\u2019obtemp\u00e9rer<\/a> sont toujours aussi nombreux en France, y compris dans l\u2019agglom\u00e9ration de <a href=\"https:\/\/actu.fr\/auvergne-rhone-alpes\/lyon_69123\" rel=\"nofollow noopener\" target=\"_blank\">Lyon<\/a>. Entre ce mercredi 30 et ce jeudi 31 juillet, la police a d\u00fb g\u00e9rer<strong> deux chauffards<\/strong> qui refusaient de s\u2019arr\u00eater lors de contr\u00f4les. L\u2019un d\u2019eux a forc\u00e9 <strong>un agent \u00e0 faire feu<\/strong>, sans heureusement faire de bless\u00e9. Voici ce que l\u2019on sait.<\/p>\n<p>Un coup de feu<\/p>\n<p class=\" wall-content\">Le premier refus d\u2019obtemp\u00e9rer de la soir\u00e9e du mercredi 30 juillet s\u2019est d\u00e9roul\u00e9 vers 21 h 20\u00a0 \u00e0 <a href=\"https:\/\/actu.fr\/auvergne-rhone-alpes\/venissieux_69259\" rel=\"nofollow noopener\" target=\"_blank\">V\u00e9nissieux<\/a>, sur le boulevard Ambroise Croizat. Les policiers avaient d\u00e9cid\u00e9 d\u2019effectuer le contr\u00f4le d\u2019un conducteur \u00e0 bord d\u2019un v\u00e9hicule qui \u00e9tait d\u00e9clar\u00e9 <strong>vol\u00e9<\/strong>. Mais l\u2019automobiliste a pr\u00e9f\u00e9r\u00e9 acc\u00e9l\u00e9rer en r\u00e9alisant une man\u0153uvre dangereuse pour les agents.\u00a0<\/p>\n<p class=\" wall-content\">Un des policiers a alors fait <strong>usage de son arme de service<\/strong>, semble-t-il \u00e0 une reprise, sans faire de bless\u00e9.<\/p>\n<p class=\" wall-content\">Le mis en cause a quand m\u00eame r\u00e9ussi \u00e0 prendre la fuite, poursuivi par des patrouilles appel\u00e9es en renfort. Il a fini par<strong> percuter un panneau de signalisation<\/strong> au niveau de la place Jules Grandcl\u00e9ment, sur la commune de <a href=\"https:\/\/actu.fr\/auvergne-rhone-alpes\/villeurbanne_69266\" rel=\"nofollow noopener\" target=\"_blank\">Villeurbanne<\/a>, ce qui ne l\u2019a pas emp\u00each\u00e9 de continuer sa folle course \u00e0 pied, en abandonnant le v\u00e9hicule.<\/p>\n<p class=\" wall-content\">Le suspect, \u00e2g\u00e9 d\u2019une trentaine d\u2019ann\u00e9es, a finalement \u00e9t\u00e9 interpell\u00e9 rue de l\u2019\u00c9glise apr\u00e8s avoir tent\u00e9 de se cacher dans un jardin d\u2019habitation, d\u2019apr\u00e8s le syndicat policier Alliance. Une <strong>enqu\u00eate<\/strong> est ouverte.<\/p>\n<p>    <a href=\"https:\/\/www.facebook.com\/plugins\/post.php?href=https%3A%2F%2Fwww.facebook.com%2Falliancezonesudest%2Fposts%2Fpfbid02oczXtNSUdSWLsstTJPhZKKVRhVYS36HcyoY6VH5inxHaMn9XHwrTCXFeK3G9BovTl&amp;show_text=true&amp;width=350\" title=\"Ouvrie le lien\" rel=\"nofollow noopener\" target=\"_blank\">Cliquez ici pour visualiser le contenu<\/a><\/p>\n<p>Un second conducteur fou peu apr\u00e8s<\/p>\n<p class=\" wall-content\">Selon nos informations, un autre refus d\u2019obtemp\u00e9rer s\u2019est aussi d\u00e9roul\u00e9 quelques heures apr\u00e8s, vers 3 h du matin, cette fois <strong>dans le centre-ville<\/strong> de Lyon. Un homme a une nouvelle fois refus\u00e9 de stopper son v\u00e9hicule au niveau de la <a href=\"https:\/\/actu.fr\/tag\/place-des-terreaux\" rel=\"nofollow noopener\" target=\"_blank\">place des Terreaux<\/a> dans le 1\u1d49\u02b3 arrondissement, avant de prendre la fuite.<\/p>\n<p class=\" wall-content\">Poursuivi par les policiers, le mis en cause a fini par<strong> heurter une voiture<\/strong> des forces de l\u2019ordre \u00e0 hauteur du pont Pasteur qui relie Confluence \u00e0 Gerland, sans faire de d\u00e9g\u00e2ts autres que mat\u00e9riels.<\/p>\n<p class=\" wall-content\">Le suspect \u00e2g\u00e9 d\u2019une quarantaine d\u2019ann\u00e9es a fini par \u00eatre <strong>maitris\u00e9, interpell\u00e9 et plac\u00e9 en garde \u00e0 vue<\/strong>. L\u00e0-encore, des investigations sont en cours pour d\u00e9terminer les raisons de sa fuite \u00e0 tombeaux ouverts \u00e0 travers la ville.<\/p>\n<p class=\" wall-content\">Suivez toute l\u2019actualit\u00e9 de vos villes et m\u00e9dias favoris en vous inscrivant \u00e0 <a href=\"https:\/\/moncompte.actu.fr\" title=\"D\u00e9couvez Mon Actu\" rel=\"nofollow noopener\" data-trk=\"{&quot;cta&quot;:{&quot;action&quot;:&quot;https:\\\/\\\/moncompte.actu.fr&quot;,&quot;category&quot;:&quot;mon compte&quot;,&quot;from&quot;:&quot;article footer&quot;,&quot;name&quot;:&quot;Mon actu&quot;,&quot;type&quot;:&quot;cta&quot;}}\" target=\"_blank\">Mon Actu<\/a>.<\/p>\n","protected":false},"excerpt":{"rendered":"Par Julien Damboise Publi\u00e9 le 1 ao\u00fbt 2025 \u00e0 10h23 Les refus d\u2019obtemp\u00e9rer sont toujours aussi nombreux en&hellip;\n","protected":false},"author":2,"featured_media":78204,"comment_status":"","ping_status":"","sticky":false,"template":"","format":"standard","meta":{"footnotes":""},"categories":[1889],"tags":[1111,11,646,2430,1777,674,118,1011,27,2428,12,1072,2852,25],"class_list":{"0":"post-288630","1":"post","2":"type-post","3":"status-publish","4":"format-standard","5":"has-post-thumbnail","7":"category-lyon","8":"tag-actu","9":"tag-actualites","10":"tag-automobile","11":"tag-auvergne-rhone-alpes","12":"tag-eu","13":"tag-europe","14":"tag-faits-divers","15":"tag-fr","16":"tag-france","17":"tag-lyon","18":"tag-news","19":"tag-police","20":"tag-refus-dobtemperer","21":"tag-republique-francaise"},"share_on_mastodon":{"url":"https:\/\/pubeurope.com\/@fr\/114952659455344190","error":""},"_links":{"self":[{"href":"https:\/\/www.europesays.com\/fr\/wp-json\/wp\/v2\/posts\/288630","targetHints":{"allow":["GET"]}}],"collection":[{"href":"https:\/\/www.europesays.com\/fr\/wp-json\/wp\/v2\/posts"}],"about":[{"href":"https:\/\/www.europesays.com\/fr\/wp-json\/wp\/v2\/types\/post"}],"author":[{"embeddable":true,"href":"https:\/\/www.europesays.com\/fr\/wp-json\/wp\/v2\/users\/2"}],"replies":[{"embeddable":true,"href":"https:\/\/www.europesays.com\/fr\/wp-json\/wp\/v2\/comments?post=288630"}],"version-history":[{"count":0,"href":"https:\/\/www.europesays.com\/fr\/wp-json\/wp\/v2\/posts\/288630\/revisions"}],"wp:featuredmedia":[{"embeddable":true,"href":"https:\/\/www.europesays.com\/fr\/wp-json\/wp\/v2\/media\/78204"}],"wp:attachment":[{"href":"https:\/\/www.europesays.com\/fr\/wp-json\/wp\/v2\/media?parent=288630"}],"wp:term":[{"taxonomy":"category","embeddable":true,"href":"https:\/\/www.europesays.com\/fr\/wp-json\/wp\/v2\/categories?post=288630"},{"taxonomy":"post_tag","embeddable":true,"href":"https:\/\/www.europesays.com\/fr\/wp-json\/wp\/v2\/tags?post=288630"}],"curies":[{"name":"wp","href":"https:\/\/api.w.org\/{rel}","templated":true}]}}